{"id":85722,"date":"2026-05-08T19:18:30","date_gmt":"2026-05-08T19:18:30","guid":{"rendered":"https:\/\/ezu.com.br\/lojas\/2026\/05\/mascara-capilar-nativa-spa-quinoa-200g\/"},"modified":"2026-05-08T19:18:30","modified_gmt":"2026-05-08T19:18:30","slug":"mascara-capilar-nativa-spa-quinoa-200g","status":"publish","type":"post","link":"https:\/\/ezu.com.br\/lojas\/2026\/05\/mascara-capilar-nativa-spa-quinoa-200g\/","title":{"rendered":"M\u00e1scara Capilar Nativa SPA Quinoa 200g"},"content":{"rendered":"<h2>486<\/h2>\n<h3>O pre\u00e7o de M\u00e1scara Capilar Nativa SPA Quinoa 200g nas lojas online, no dia acima, era aproximadamente <strong>R$ BRL67.90<\/strong>. Para informa\u00e7\u00f5es atualizadas, acesse este produto em dezenas de lojas dos marketplaces do Sistema Magalu:<\/h3>\n<p><a href=\"https:\/\/www.magazinevoce.com.br\/magazineezu\/busca\/M\u00e1scara Capilar Nativa SPA Quinoa 200g\/\" target=\"_blank\" rel=\"noopener\"><img decoding=\"async\" src=\"https:\/\/res.cloudinary.com\/beleza-na-web\/image\/upload\/w_1500\/f_auto\/fl_progressive\/q_auto:best\/v1\/imagens\/products\/B48994\/NSPA_MASC_CAP_QUINOA_200g-V3-B48994-Frontal.jpg\" alt=\"M\u00e1scara Capilar Nativa SPA Quinoa 200g\" \/> &#8211; CLIQUE AQUI<\/a>.<br \/>\nA M\u00e1scara Capilar Nativa SPA Quinoa trata intensamente os cabelos, enquanto melhora a textura, aumenta a espessura e rep\u00f5e os nutrientes dos fios. SOBRE A LINHA Com \u00f3leo 100% puro de Quinoa, a linha Nativa Spa Quinoa vai oferecer todas as vitaminas e nutrientes que a sua pele e cabelos precisam. Esse gr\u00e3o, origin\u00e1rio da Cordilheira dos Andes , traz in\u00fameros benef\u00edcios, rico em prote\u00ednas vegetais e em diversos nutrientes e vitaminas, fortalece e estimula o crescimento dos cabelos, previne a quebra e mant\u00e9m o interior dos fios hidratados, al\u00e9m de real\u00e7ar o brilho. Nenhum produto O Botic\u00e1rio \u00e9 testado em animais, ou seja, este item possui selo Cruelty Free.<\/p>\n<p>345270610734255216077034432552166107<\/p>\n<hr \/>\n<p>Ainda n\u00e3o encontrou a melhor op\u00e7\u00e3o de compra? Oferecemos mais uma possibilidade de <strong>busca<\/strong> mais ampla para <a href=\"https:\/\/ecompare.com.br\/lojas\/resultados-da-pesquisa\/?q=M\u00e1scara Capilar Nativa SPA Quinoa 200g#gsc.tab=0&amp;gsc.q=M\u00e1scara Capilar Nativa SPA Quinoa 200g&amp;gsc.page=1\" target=\"_blank\" rel=\"noopener\">M\u00e1scara Capilar Nativa SPA Quinoa 200g, clique e continue <strong>pesquisando&#8230;<\/strong><\/a><\/p>\n<hr \/>\n","protected":false},"excerpt":{"rendered":"<p>R$ 67.90 nas lojas <a href=\"https:\/\/www.awin1.com\/pclick.php?p=34451782599&#038;a=690303&#038;m=17659\" target=\"_blank\" rel=\"sponsored\">oBoticario BR<\/a><\/p>\n","protected":false},"author":1,"featured_media":0,"comment_status":"closed","ping_status":"closed","sticky":false,"template":"","format":"standard","meta":{"footnotes":""},"categories":[4],"tags":[11817,3647,11773],"class_list":["post-85722","post","type-post","status-publish","format-standard","hentry","category-produtos","tag-11817","tag-67-90","tag-oboticario-br"],"_links":{"self":[{"href":"https:\/\/ezu.com.br\/lojas\/wp-json\/wp\/v2\/posts\/85722","targetHints":{"allow":["GET"]}}],"collection":[{"href":"https:\/\/ezu.com.br\/lojas\/wp-json\/wp\/v2\/posts"}],"about":[{"href":"https:\/\/ezu.com.br\/lojas\/wp-json\/wp\/v2\/types\/post"}],"author":[{"embeddable":true,"href":"https:\/\/ezu.com.br\/lojas\/wp-json\/wp\/v2\/users\/1"}],"replies":[{"embeddable":true,"href":"https:\/\/ezu.com.br\/lojas\/wp-json\/wp\/v2\/comments?post=85722"}],"version-history":[{"count":0,"href":"https:\/\/ezu.com.br\/lojas\/wp-json\/wp\/v2\/posts\/85722\/revisions"}],"wp:attachment":[{"href":"https:\/\/ezu.com.br\/lojas\/wp-json\/wp\/v2\/media?parent=85722"}],"wp:term":[{"taxonomy":"category","embeddable":true,"href":"https:\/\/ezu.com.br\/lojas\/wp-json\/wp\/v2\/categories?post=85722"},{"taxonomy":"post_tag","embeddable":true,"href":"https:\/\/ezu.com.br\/lojas\/wp-json\/wp\/v2\/tags?post=85722"}],"curies":[{"name":"wp","href":"https:\/\/api.w.org\/{rel}","templated":true}]}}