{"id":81899,"date":"2026-05-31T19:45:04","date_gmt":"2026-05-31T19:45:04","guid":{"rendered":"https:\/\/ezu.com.br\/lojas\/2026\/05\/comoda-infantil-3-portas-1-prateleira-branco\/"},"modified":"2026-05-31T19:45:04","modified_gmt":"2026-05-31T19:45:04","slug":"comoda-infantil-3-portas-1-prateleira-branco","status":"publish","type":"post","link":"https:\/\/ezu.com.br\/lojas\/2026\/05\/comoda-infantil-3-portas-1-prateleira-branco\/","title":{"rendered":"C\u00f4moda Infantil 3 Portas 1 Prateleira Branco"},"content":{"rendered":"<h2><\/h2>\n<h3>O pre\u00e7o de C\u00f4moda Infantil 3 Portas 1 Prateleira Branco nas lojas online, no dia acima, era aproximadamente <strong>R$ BRL281.23<\/strong>. Para informa\u00e7\u00f5es atualizadas, acesse este produto em dezenas de lojas dos marketplaces do Sistema Magalu:<\/h3>\n<p><a href=\"https:\/\/www.magazinevoce.com.br\/magazineezu\/busca\/C\u00f4moda Infantil 3 Portas 1 Prateleira Branco\/\" target=\"_blank\" rel=\"noopener\"><img decoding=\"async\" src=\"https:\/\/casatema.vteximg.com.br\/arquivos\/ids\/819628_2\" alt=\"C\u00f4moda Infantil 3 Portas 1 Prateleira Branco\" \/> &#8211; CLIQUE AQUI<\/a>.<br \/>\nC\u00f4moda Infantil 3 Portas 1 Prateleira Branco  .body-casatema-use-internal { font-family: Arial, sans-serif; line-height: 1.6; } .container-casatema-use-internal { width: 80%; margin: 0 auto; padding: 20px; } .hx-casatema-use-internal { color: #333; } .ul-casatema-use-internal { list-style-type: none; padding: 0; } .li-casatema-use-internal { background: #f4f4f4; margin: 5px 0; padding: 10px; border-radius: 5px; } .highlight-casatema-use-internal { font-weight: bold; } .image-container-casatema-use-internal, .img-casatema-use-internal { width: 100%; height: auto; } \/* CSS para os atributos *\/ .table-attr-casatema-use-internal { border-spacing: 0px; width: 100%; } .table-attr-casatema-use-internal tr:nth-child(even) { background: #ffffff; } .table-attr-casatema-use-internal tr:nth-child(odd) { background: #dfede9; } .td-left-attr-casatema-use-internal { padding: 10px; width: 30%; font-weight: bold; } .td-right-attr-casatema-use-internal { padding: 10px; width: 70%; } .div-left-attr-casatema-use-internal { width: 100%; } .div-right-attr-casatema-use-internal { width: 100%; } .div-group-attr-casatema-use-internal { padding-bottom: 10px; } @media (min-width: 1224px) { .div-left-attr-casatema-use-internal { width: 49%; float: left; } .div-right-attr-casatema-use-internal { width: 49%; float: right; } }     C\u00f4moda Infantil 3 Portas 1 Prateleira Branco. Seu cantinho vai ficar ainda mais moderno com a estante de apoio 3 portas 1 prateleira BM 225- BRV MOVEIS. Produzido em MDP 15mm que proporciona uma maior durabilidade com acabamento em BP. A-53,5 X L-90 X P-33 \u2013 Peso bruto: 17,5kg Produto ideal para compor o seu ambiente. CARACTER\u00cdSTICAS &#8211; MDP 15 MM; -Acabamento BP; -Branco -1 Prateleira -3 Portas INFORMA\u00c7\u00d5ES T\u00c9CNICAS &#8211; Peso: 17,5Kg &#8211; Altura: 53,5cm &#8211; Largura: 90cm &#8211; Profundidade: 33cm &#8211; Suporta at\u00e9 26kg. &#8211; Este produto \u00e9 vendido em 01 Volume embalados em caixa de papel\u00e3o com isopor nas laterais e revestidos com pl\u00e1sticos termoencolh\u00edvel. LIMPEZA Limpar utilizando apenas pano umedecido com \u00e1gua, nunca utilizar abrasivos ou esponjas de a\u00e7o. GARANTIA Garantia de 3 Meses (contra defeito de fabrica\u00e7\u00e3o). OBSERVA\u00c7\u00d5ES As dimens\u00f5es est\u00e3o expressas na seguinte forma \u2013 Altura x Largura e Profundidade em cm. N\u00e3o expor o m\u00f3vel a fontes de calor ou de umidade. As imagens indicam uma sugest\u00e3o de uso e s\u00e3o apenas ilustrativas, os objetos decorativos n\u00e3o est\u00e3o inclusos.   Caracter\u00edsticasAmbiente PrincipalQuarto InfantilCor PredominanteBrancoCor do ProdutoBrancoMarcaBRV M\u00f3veisOrigem do ProdutoNacionalPeso M\u00e1ximo por Prateleira6.0Possui EspelhosN\u00e3oPossui GavetasN\u00e3oPossui Nichos3Possui PortasSimPossui P\u00e9sSimPossui Rod\u00edzioSimPossui TrocadorN\u00e3oQuantidade de GavetasN\u00e3o PossuiQuantidade de Portas3 PortasRod\u00edzio com TravaN\u00e3oSapatas NiveladorasN\u00e3oSuporta At\u00e9 (kg)26.0Tipo de PortaBaterTipo de Puxador da PortaEmbutidoOutras caracter\u00edsticasPeso (kg)18 kgPossui EspelhosN\u00e3oTonalidadeBrancoDocumentos AdicionaisManual de MontagemClique aqui para acessarGarantiaGarantia03 MesesItens InclusosItens Inclusos1 Balc\u00e3o, Kit Ferragens e Manual de MontagemMateriais e AcabamentosAcabamentoBPAcabamento da PortaBPAcabamento da PrateleiraBPEscala de BrilhoFoscoEscala de Brilho da PortaFoscoEscala de Brilho da PrateleiraFoscoMaterial PrincipalMDPMaterial da PortaMDPMaterial da PrateleiraMDPMaterial do FundoMDFTipo de Dobradi\u00e7a\/Corredi\u00e7a da PortaA\u00e7oMontagemComplexidade da MontagemM\u00e9dia: pode ser montado por mais de uma pessoa e\/ou necessite de maior conhecimento para montagemNecessita MontagemSimRecomenda\u00e7\u00f5es de Uso, Manuten\u00e7\u00e3o e LimpezaLimpar com pano levemente umedecidoSistema de MontagemParafusos, minifix e cavilhasPesos e Dimens\u00f5esAltura (cm)54.0Largura (cm)90.0Peso (kg)17.5Profundidade (cm)33.0<\/p>\n<p>345270610734255216077034432552166107<\/p>\n<hr \/>\n<p>Ainda n\u00e3o encontrou a melhor op\u00e7\u00e3o de compra? Oferecemos mais uma possibilidade de <strong>busca<\/strong> mais ampla para <a href=\"https:\/\/ecompare.com.br\/lojas\/resultados-da-pesquisa\/?q=C\u00f4moda Infantil 3 Portas 1 Prateleira Branco#gsc.tab=0&amp;gsc.q=C\u00f4moda Infantil 3 Portas 1 Prateleira Branco&amp;gsc.page=1\" target=\"_blank\" rel=\"noopener\">C\u00f4moda Infantil 3 Portas 1 Prateleira Branco, clique e continue <strong>pesquisando&#8230;<\/strong><\/a><\/p>\n<hr \/>\n","protected":false},"excerpt":{"rendered":"<p>R$ 281.23 nas lojas <a href=\"https:\/\/www.awin1.com\/pclick.php?p=44999529572&#038;a=690303&#038;m=100453\" target=\"_blank\" rel=\"sponsored\">Casa Tema BR<\/a><\/p>\n","protected":false},"author":1,"featured_media":0,"comment_status":"closed","ping_status":"closed","sticky":false,"template":"","format":"standard","meta":{"footnotes":""},"categories":[4],"tags":[7530,7432],"class_list":["post-81899","post","type-post","status-publish","format-standard","hentry","category-produtos","tag-281-23","tag-casa-tema-br"],"_links":{"self":[{"href":"https:\/\/ezu.com.br\/lojas\/wp-json\/wp\/v2\/posts\/81899","targetHints":{"allow":["GET"]}}],"collection":[{"href":"https:\/\/ezu.com.br\/lojas\/wp-json\/wp\/v2\/posts"}],"about":[{"href":"https:\/\/ezu.com.br\/lojas\/wp-json\/wp\/v2\/types\/post"}],"author":[{"embeddable":true,"href":"https:\/\/ezu.com.br\/lojas\/wp-json\/wp\/v2\/users\/1"}],"replies":[{"embeddable":true,"href":"https:\/\/ezu.com.br\/lojas\/wp-json\/wp\/v2\/comments?post=81899"}],"version-history":[{"count":0,"href":"https:\/\/ezu.com.br\/lojas\/wp-json\/wp\/v2\/posts\/81899\/revisions"}],"wp:attachment":[{"href":"https:\/\/ezu.com.br\/lojas\/wp-json\/wp\/v2\/media?parent=81899"}],"wp:term":[{"taxonomy":"category","embeddable":true,"href":"https:\/\/ezu.com.br\/lojas\/wp-json\/wp\/v2\/categories?post=81899"},{"taxonomy":"post_tag","embeddable":true,"href":"https:\/\/ezu.com.br\/lojas\/wp-json\/wp\/v2\/tags?post=81899"}],"curies":[{"name":"wp","href":"https:\/\/api.w.org\/{rel}","templated":true}]}}