{"id":81306,"date":"2026-06-03T20:47:00","date_gmt":"2026-06-03T20:47:00","guid":{"rendered":"https:\/\/ezu.com.br\/lojas\/2026\/06\/nicho-microondas-ipanema-cabecasa-madeiraoriginals-branco\/"},"modified":"2026-06-03T20:47:00","modified_gmt":"2026-06-03T20:47:00","slug":"nicho-microondas-ipanema-cabecasa-madeiraoriginals-branco","status":"publish","type":"post","link":"https:\/\/ezu.com.br\/lojas\/2026\/06\/nicho-microondas-ipanema-cabecasa-madeiraoriginals-branco\/","title":{"rendered":"Nicho Microondas Ipanema CabeCasa MadeiraOriginals Branco"},"content":{"rendered":"<h2><\/h2>\n<h3>O pre\u00e7o de Nicho Microondas Ipanema CabeCasa MadeiraOriginals Branco nas lojas online, no dia acima, era aproximadamente <strong>R$ BRL641.15<\/strong>. Para informa\u00e7\u00f5es atualizadas, acesse este produto em dezenas de lojas dos marketplaces do Sistema Magalu:<\/h3>\n<p><a href=\"https:\/\/www.magazinevoce.com.br\/magazineezu\/busca\/Nicho Microondas Ipanema CabeCasa MadeiraOriginals Branco\/\" target=\"_blank\" rel=\"noopener\"><img decoding=\"async\" src=\"https:\/\/casatema.vteximg.com.br\/arquivos\/ids\/1452720_2\" alt=\"Nicho Microondas Ipanema CabeCasa MadeiraOriginals Branco\" \/> &#8211; CLIQUE AQUI<\/a>.<br \/>\nNicho Microondas Ipanema CabeCasa MadeiraOriginals Branco  .body-casatema-use-internal { font-family: Arial, sans-serif; line-height: 1.6; } .container-casatema-use-internal { width: 80%; margin: 0 auto; padding: 20px; } .hx-casatema-use-internal { color: #333; } .ul-casatema-use-internal { list-style-type: none; padding: 0; } .li-casatema-use-internal { background: #f4f4f4; margin: 5px 0; padding: 10px; border-radius: 5px; } .highlight-casatema-use-internal { font-weight: bold; } .image-container-casatema-use-internal, .img-casatema-use-internal { width: 100%; height: auto; } \/* CSS para os atributos *\/ .table-attr-casatema-use-internal { border-spacing: 0px; width: 100%; } .table-attr-casatema-use-internal tr:nth-child(even) { background: #ffffff; } .table-attr-casatema-use-internal tr:nth-child(odd) { background: #dfede9; } .td-left-attr-casatema-use-internal { padding: 10px; width: 30%; font-weight: bold; } .td-right-attr-casatema-use-internal { padding: 10px; width: 70%; } .div-left-attr-casatema-use-internal { width: 100%; } .div-right-attr-casatema-use-internal { width: 100%; } .div-group-attr-casatema-use-internal { padding-bottom: 10px; } @media (min-width: 1224px) { .div-left-attr-casatema-use-internal { width: 49%; float: left; } .div-right-attr-casatema-use-internal { width: 49%; float: right; } }     Nicho Microondas Ipanema CabeCasa MadeiraOriginals Branco. Renove seu ambiente com o Nicho para Micro-ondas Ipanema, uma pe\u00e7a essencial da linha de cozinhas moduladas CabeCasa. Desenvolvido para unir funcionalidade e design contempor\u00e2neo, este m\u00f3vel \u00e9 a solu\u00e7\u00e3o perfeita para quem busca otimizar o espa\u00e7o sem abrir m\u00e3o da eleg\u00e2ncia. Design Inteligente e Aproveitamento de Espa\u00e7o O Arm\u00e1rio A\u00e9reo Ipanema foi projetado pensando na rotina moderna. Al\u00e9m do compartimento dedicado ao micro-ondas ou forno el\u00e9trico, ele conta com um arm\u00e1rio superior com porta basculante. Esse espa\u00e7o extra \u00e9 ideal para armazenar utens\u00edlios, potes ou mantimentos, mantendo sua bancada sempre livre e organizada. O design clean se adapta facilmente a diferentes estilos de decora\u00e7\u00e3o, do cl\u00e1ssico ao industrial. Qualidade e Resist\u00eancia CabeCasa Fabricado em MDP de alta qualidade, o m\u00f3vel oferece robustez e durabilidade para o uso di\u00e1rio. Seu acabamento em revestimento melam\u00ednico (BP) garante maior resist\u00eancia a riscos e facilidade na limpeza \u2014 basta um pano \u00famido para mant\u00ea-lo impec\u00e1vel. As dobradi\u00e7as met\u00e1licas e o pist\u00e3o a g\u00e1s na porta superior proporcionam uma abertura suave e segura, evitando impactos e aumentando a vida \u00fatil do produto. Compatibilidade e Instala\u00e7\u00e3o Com 80 cm de largura e profundidade otimizada de 52 cm, este m\u00f3dulo acomoda a maioria dos micro-ondas dispon\u00edveis no mercado. Ele faz parte da linha modulada Ipanema, permitindo que voc\u00ea combine esta pe\u00e7a com outros balc\u00f5es e a\u00e9reos da mesma cole\u00e7\u00e3o para criar a cozinha dos seus sonhos, totalmente personalizada. Ficha T\u00e9cnica R\u00e1pida: \u2022 Altura Total: 81 cm \u2022 Largura: 80 cm \u2022 Profundidade: 52 cm \u2022 Material: MDP com revestimento BP \u2022 Tipo de Porta: Basculante com pist\u00e3o a g\u00e1s \u2022 Necessita Montagem: Sim (acompanha manual) Adquira agora e transforme a organiza\u00e7\u00e3o da sua cozinha com a qualidade e sofistica\u00e7\u00e3o que a linha Ipanema oferece. Importante: o produto n\u00e3o inclui itens decorativos ou acess\u00f3rios mostrados nas imagens. Confira o t\u00edtulo e a ficha t\u00e9cnica completa para garantir que sua compra seja exatamente o que voc\u00ea espera! Garanta o encaixe perfeito! Planeje seu ambiente com cuidado comparando as medidas do produto com o espa\u00e7o dispon\u00edvel e reserve uma folga de at\u00e9 2 cm para posicion\u00e1-lo com conforto.   Atributos em an\u00e1liseTonalidadeBrancoDocumentos AdicionaisManual de MontagemClique aqui para acessarGarantiaGarantia5 AnosItens InclusosItens Inclusos01 Arm\u00e1rio A\u00e9reo, Manual de Montagem, Kit FerragensMateriais e AcabamentosAcabamentoBPAcabamento da PortaBPEscala de BrilhoFoscoMaterial PrincipalMDPMaterial da Dobradi\u00e7a\/Corredi\u00e7a da PortaMet\u00e1licaMaterial da PortaMDPMaterial da PrateleiraMDPMaterial do FundoMDPMaterial do Puxador da GavetaAlum\u00ednioMaterial do Puxador da PortaAlum\u00ednioTipo de Dobradi\u00e7a\/Corredi\u00e7a da PortaSoft CloseMontagemComplexidade da MontagemM\u00e9dia: pode ser montado por mais de uma pessoa e\/ou necessite de maior conhecimento para montagemNecessita MontagemSimRecomenda\u00e7\u00f5es de Uso, Manuten\u00e7\u00e3o e LimpezaUse um pano levemente umedecido com \u00e1gua, seguido de pano seco. N\u00e3o utilize produtos qu\u00edmicos ou abrasivos.Sistema de MontagemSistema de montagem via cavilhas, parafusos, minifix e pregos.Caracter\u00edsticasAmbiente PrincipalCozinhaCor PredominanteBrancoCor do ProdutoBrancoFabrica\u00e7\u00e3o Pr\u00f3priaSimLinha ou Cole\u00e7\u00e3oIpanemaMarcaCabeCasa MadeiraMadeiraModularSimOrigem do ProdutoNacionalPeso M\u00e1ximo por Prateleira2.0Possui EspelhosN\u00e3oPossui FundoSimPossui PortasN\u00e3oPossui P\u00e9sSimPossui ToalheiroN\u00e3oQuantidade de GavetasN\u00e3o PossuiQuantidade de PortasN\u00e3o PossuiQuantidade de PrateleirasN\u00e3o PossuiQuantidade do Produto1Suporta At\u00e9 (kg)40.0Tipo de Arm\u00e1rio de CozinhaArm\u00e1rio A\u00e9reoTipo de NichoSuporteOutras caracter\u00edsticasPossui Prateleiras1Pesos e Dimens\u00f5esAltura (cm)44.0Largura (cm)80.0Peso (kg)15.2Profundidade (cm)45.0<\/p>\n<p>345270610734255216077034432552166107<\/p>\n<hr \/>\n<p>Ainda n\u00e3o encontrou a melhor op\u00e7\u00e3o de compra? Oferecemos mais uma possibilidade de <strong>busca<\/strong> mais ampla para <a href=\"https:\/\/ecompare.com.br\/lojas\/resultados-da-pesquisa\/?q=Nicho Microondas Ipanema CabeCasa MadeiraOriginals Branco#gsc.tab=0&amp;gsc.q=Nicho Microondas Ipanema CabeCasa MadeiraOriginals Branco&amp;gsc.page=1\" target=\"_blank\" rel=\"noopener\">Nicho Microondas Ipanema CabeCasa MadeiraOriginals Branco, clique e continue <strong>pesquisando&#8230;<\/strong><\/a><\/p>\n<hr \/>\n","protected":false},"excerpt":{"rendered":"<p>R$ 641.15 nas lojas <a href=\"https:\/\/www.awin1.com\/pclick.php?p=44999529174&#038;a=690303&#038;m=100453\" target=\"_blank\" rel=\"sponsored\">Casa Tema BR<\/a><\/p>\n","protected":false},"author":1,"featured_media":0,"comment_status":"closed","ping_status":"closed","sticky":false,"template":"","format":"standard","meta":{"footnotes":""},"categories":[4],"tags":[11144,7432],"class_list":["post-81306","post","type-post","status-publish","format-standard","hentry","category-produtos","tag-641-15","tag-casa-tema-br"],"_links":{"self":[{"href":"https:\/\/ezu.com.br\/lojas\/wp-json\/wp\/v2\/posts\/81306","targetHints":{"allow":["GET"]}}],"collection":[{"href":"https:\/\/ezu.com.br\/lojas\/wp-json\/wp\/v2\/posts"}],"about":[{"href":"https:\/\/ezu.com.br\/lojas\/wp-json\/wp\/v2\/types\/post"}],"author":[{"embeddable":true,"href":"https:\/\/ezu.com.br\/lojas\/wp-json\/wp\/v2\/users\/1"}],"replies":[{"embeddable":true,"href":"https:\/\/ezu.com.br\/lojas\/wp-json\/wp\/v2\/comments?post=81306"}],"version-history":[{"count":0,"href":"https:\/\/ezu.com.br\/lojas\/wp-json\/wp\/v2\/posts\/81306\/revisions"}],"wp:attachment":[{"href":"https:\/\/ezu.com.br\/lojas\/wp-json\/wp\/v2\/media?parent=81306"}],"wp:term":[{"taxonomy":"category","embeddable":true,"href":"https:\/\/ezu.com.br\/lojas\/wp-json\/wp\/v2\/categories?post=81306"},{"taxonomy":"post_tag","embeddable":true,"href":"https:\/\/ezu.com.br\/lojas\/wp-json\/wp\/v2\/tags?post=81306"}],"curies":[{"name":"wp","href":"https:\/\/api.w.org\/{rel}","templated":true}]}}