{"id":81075,"date":"2026-05-25T04:04:05","date_gmt":"2026-05-25T04:04:05","guid":{"rendered":"https:\/\/ezu.com.br\/lojas\/2026\/05\/sofa-cama-retratil-e-reclinavel-3-lugares-225cm-jequitiba-cabecasa-madeiraoriginals-caramelo-capuccino-caramelo-capuccino\/"},"modified":"2026-05-25T04:04:05","modified_gmt":"2026-05-25T04:04:05","slug":"sofa-cama-retratil-e-reclinavel-3-lugares-225cm-jequitiba-cabecasa-madeiraoriginals-caramelo-capuccino-caramelo-capuccino","status":"publish","type":"post","link":"https:\/\/ezu.com.br\/lojas\/2026\/05\/sofa-cama-retratil-e-reclinavel-3-lugares-225cm-jequitiba-cabecasa-madeiraoriginals-caramelo-capuccino-caramelo-capuccino\/","title":{"rendered":"Sof\u00e1 Cama Retr\u00e1til e Reclin\u00e1vel 3 Lugares 225cm Jequitib\u00e1 CabeCasa MadeiraOriginals Caramelo\/Capuccino Caramelo\/Capuccino"},"content":{"rendered":"<h2><\/h2>\n<h3>O pre\u00e7o de Sof\u00e1 Cama Retr\u00e1til e Reclin\u00e1vel 3 Lugares 225cm Jequitib\u00e1 CabeCasa MadeiraOriginals Caramelo\/Capuccino Caramelo\/Capuccino nas lojas online, no dia acima, era aproximadamente <strong>R$ BRL4785.28<\/strong>. Para informa\u00e7\u00f5es atualizadas, acesse este produto em dezenas de lojas dos marketplaces do Sistema Magalu:<\/h3>\n<p><a href=\"https:\/\/www.magazinevoce.com.br\/magazineezu\/busca\/Sof\u00e1 Cama Retr\u00e1til e Reclin\u00e1vel 3 Lugares 225cm Jequitib\u00e1 CabeCasa MadeiraOriginals Caramelo\/Capuccino Caramelo\/Capuccino\/\" target=\"_blank\" rel=\"noopener\"><img decoding=\"async\" src=\"https:\/\/casatema.vteximg.com.br\/arquivos\/ids\/1450279_2\" alt=\"Sof\u00e1 Cama Retr\u00e1til e Reclin\u00e1vel 3 Lugares 225cm Jequitib\u00e1 CabeCasa MadeiraOriginals Caramelo\/Capuccino Caramelo\/Capuccino\" \/> &#8211; CLIQUE AQUI<\/a>.<br \/>\nSof\u00e1 Cama Retr\u00e1til e Reclin\u00e1vel 3 Lugares 225cm Jequitib\u00e1 CabeCasa MadeiraOriginals Caramelo\/Capuccino Caramelo\/Capuccino  .body-casatema-use-internal { font-family: Arial, sans-serif; line-height: 1.6; } .container-casatema-use-internal { width: 80%; margin: 0 auto; padding: 20px; } .hx-casatema-use-internal { color: #333; } .ul-casatema-use-internal { list-style-type: none; padding: 0; } .li-casatema-use-internal { background: #f4f4f4; margin: 5px 0; padding: 10px; border-radius: 5px; } .highlight-casatema-use-internal { font-weight: bold; } .image-container-casatema-use-internal, .img-casatema-use-internal { width: 100%; height: auto; } \/* CSS para os atributos *\/ .table-attr-casatema-use-internal { border-spacing: 0px; width: 100%; } .table-attr-casatema-use-internal tr:nth-child(even) { background: #ffffff; } .table-attr-casatema-use-internal tr:nth-child(odd) { background: #dfede9; } .td-left-attr-casatema-use-internal { padding: 10px; width: 30%; font-weight: bold; } .td-right-attr-casatema-use-internal { padding: 10px; width: 70%; } .div-left-attr-casatema-use-internal { width: 100%; } .div-right-attr-casatema-use-internal { width: 100%; } .div-group-attr-casatema-use-internal { padding-bottom: 10px; } @media (min-width: 1224px) { .div-left-attr-casatema-use-internal { width: 49%; float: left; } .div-right-attr-casatema-use-internal { width: 49%; float: right; } }     Sof\u00e1 Cama Retr\u00e1til e Reclin\u00e1vel 3 Lugares 225cm Jequitib\u00e1 CabeCasa MadeiraOriginals Caramelo\/Capuccino Caramelo\/Capuccino. Inspirado na eleg\u00e2ncia e robustez da \u00e1rvore que lhe d\u00e1 nome, o sof\u00e1-cama Jequitib\u00e1 combina design sofisticado e funcionalidade para transformar qualquer ambiente. Com bra\u00e7os compactos revestidos em courino, ele se adapta perfeitamente a espa\u00e7os menores, sem abrir m\u00e3o do estilo. Seu acabamento matelassado, com costuras bordadas, valoriza cada detalhe e traz um toque de modernidade. Al\u00e9m da est\u00e9tica impec\u00e1vel, o conforto \u00e9 garantido pelo assento em espuma D28 Supersoft, percintas el\u00e1sticas e molas Bonnel, que proporcionam maciez e durabilidade. As almofadas soltas no encosto, preenchidas com fibra siliconada, adicionam ainda mais aconchego. Para quem busca versatilidade, o encosto reclin\u00e1vel conta com sete posi\u00e7\u00f5es e, no \u00faltimo ajuste, transforma o sof\u00e1 em uma confort\u00e1vel cama. O assento retr\u00e1til, com mecanismo met\u00e1lico resistente, amplia a \u00e1rea de descanso sem esfor\u00e7o. Pensado para o dia a dia, o sof\u00e1 Jequitib\u00e1 tamb\u00e9m conta com rod\u00edzios de silicone nos m\u00f3dulos retr\u00e1teis, protegendo o piso contra riscos, enquanto os p\u00e9s de madeira conferem um toque final de sofistica\u00e7\u00e3o. Elegante, pr\u00e1tico e confort\u00e1vel, ele \u00e9 a escolha perfeita para quem busca beleza e funcionalidade em um \u00fanico produto.   Caracter\u00edsticasAmbiente PrincipalSala de EstarCorCaramelo\/CapuccinoCor do ProdutoCaramelo\/CapuccinoDensidade do AssentoCamadas de Densidades DiferentesDensidade do EncostoCamadas de Densidades DiferentesEnchimento do AssentoEspumaEnchimento do EncostoEspumaEstiloModernoEstilo de Bra\u00e7oBra\u00e7os RedondosFabrica\u00e7\u00e3o Pr\u00f3priaSimFirmeza do AssentoM\u00e9dioLinha ou Cole\u00e7\u00e3oJequitib\u00e1MarcaCabeCasa MadeiraMadeiraMedida como Cama (A x L x P)146Modelo do Sof\u00e1Retr\u00e1til e Reclin\u00e1velOrigem do ProdutoNacionalPet FriendlyN\u00e3oPossui Ba\u00faN\u00e3oPossui MolaSimPossui Percintas El\u00e1sticasSimPossui P\u00e9sSimPossui Rod\u00edzioSimQuantidade de Lugares02 e 03Rod\u00edzio com TravaSimSuporta At\u00e9 (kg)120.0Tipo de AssentoRegul\u00e1velTipo de EncostoRegul\u00e1velTipo de MolaMolas BonnelTipo de Sof\u00e1Sof\u00e1s CamaDocumentos AdicionaisManual de Montagem e Instala\u00e7\u00e3oClique aqui para acessarmanual de montagemClique aqui para acessarGarantiaGarantia24 MesesItens InclusosAcompanha AlmofadaSimAcompanha Almofadas ExtrasN\u00e3oItens Inclusos1 Sof\u00e1 Cama 200cmMateriais e AcabamentosMaterial dos P\u00e9sMadeiraMontagemComplexidade da MontagemBaixa: pode ser montado por uma pessoa sozinhaNecessita MontagemSimRecomenda\u00e7\u00f5es de Uso, Manuten\u00e7\u00e3o e LimpezaPara garantir a durabilidade e a conserva\u00e7\u00e3o do produto, evite exp\u00f4-lo diretamente ao sol ou a fontes de calor. N\u00e3o utilize produtos de limpeza como detergentes, \u00e1lcool, solventes ou quaisquer produtos qu\u00edmicos agressivos. Para a limpeza adequada, recomenda-se o uso de um pano umedecido com \u00e1gua e sab\u00e3o neutro, al\u00e9m de uma escova de cerdas macias. Ap\u00f3s a limpeza, deixe o produto secar \u00e0 sombra.Sistema de MontagemChapa galvanizada de uni\u00e3o.Outras caracter\u00edsticasMaterial da Corredi\u00e7a do Sof\u00e1A\u00e7o\/MetalN\u00edvel de ConfortoConfort\u00e1velRevestimento do Bra\u00e7oLinho \/ CorinoPesos e Dimens\u00f5esAltura (cm)96.0Altura do Assento at\u00e9 o Ch\u00e3o47.0Altura do Encosto50.0Altura dos P\u00e9s2.0Largura (cm)225.0Largura Total225.0Peso (kg)89.0Profundidade (cm)110.0Profundidade Quando Estendido146.0<\/p>\n<p>345270610734255216077034432552166107<\/p>\n<hr \/>\n<p>Ainda n\u00e3o encontrou a melhor op\u00e7\u00e3o de compra? Oferecemos mais uma possibilidade de <strong>busca<\/strong> mais ampla para <a href=\"https:\/\/ecompare.com.br\/lojas\/resultados-da-pesquisa\/?q=Sof\u00e1 Cama Retr\u00e1til e Reclin\u00e1vel 3 Lugares 225cm Jequitib\u00e1 CabeCasa MadeiraOriginals Caramelo\/Capuccino Caramelo\/Capuccino#gsc.tab=0&amp;gsc.q=Sof\u00e1 Cama Retr\u00e1til e Reclin\u00e1vel 3 Lugares 225cm Jequitib\u00e1 CabeCasa MadeiraOriginals Caramelo\/Capuccino Caramelo\/Capuccino&amp;gsc.page=1\" target=\"_blank\" rel=\"noopener\">Sof\u00e1 Cama Retr\u00e1til e Reclin\u00e1vel 3 Lugares 225cm Jequitib\u00e1 CabeCasa MadeiraOriginals Caramelo\/Capuccino Caramelo\/Capuccino, clique e continue <strong>pesquisando&#8230;<\/strong><\/a><\/p>\n<hr \/>\n","protected":false},"excerpt":{"rendered":"<p>R$ 4785.28 nas lojas <a href=\"https:\/\/www.awin1.com\/pclick.php?p=44999528911&#038;a=690303&#038;m=100453\" target=\"_blank\" rel=\"sponsored\">Casa Tema BR<\/a><\/p>\n","protected":false},"author":1,"featured_media":0,"comment_status":"closed","ping_status":"closed","sticky":false,"template":"","format":"standard","meta":{"footnotes":""},"categories":[4],"tags":[11019,7432],"class_list":["post-81075","post","type-post","status-publish","format-standard","hentry","category-produtos","tag-4785-28","tag-casa-tema-br"],"_links":{"self":[{"href":"https:\/\/ezu.com.br\/lojas\/wp-json\/wp\/v2\/posts\/81075","targetHints":{"allow":["GET"]}}],"collection":[{"href":"https:\/\/ezu.com.br\/lojas\/wp-json\/wp\/v2\/posts"}],"about":[{"href":"https:\/\/ezu.com.br\/lojas\/wp-json\/wp\/v2\/types\/post"}],"author":[{"embeddable":true,"href":"https:\/\/ezu.com.br\/lojas\/wp-json\/wp\/v2\/users\/1"}],"replies":[{"embeddable":true,"href":"https:\/\/ezu.com.br\/lojas\/wp-json\/wp\/v2\/comments?post=81075"}],"version-history":[{"count":0,"href":"https:\/\/ezu.com.br\/lojas\/wp-json\/wp\/v2\/posts\/81075\/revisions"}],"wp:attachment":[{"href":"https:\/\/ezu.com.br\/lojas\/wp-json\/wp\/v2\/media?parent=81075"}],"wp:term":[{"taxonomy":"category","embeddable":true,"href":"https:\/\/ezu.com.br\/lojas\/wp-json\/wp\/v2\/categories?post=81075"},{"taxonomy":"post_tag","embeddable":true,"href":"https:\/\/ezu.com.br\/lojas\/wp-json\/wp\/v2\/tags?post=81075"}],"curies":[{"name":"wp","href":"https:\/\/api.w.org\/{rel}","templated":true}]}}