{"id":80938,"date":"2026-05-08T13:50:10","date_gmt":"2026-05-08T13:50:10","guid":{"rendered":"https:\/\/ezu.com.br\/lojas\/2026\/05\/conjunto-3-pecas-escrivaninha-120cm-e-2-armarios-multiuso-madeira-macica-ananda-cabecasa-madeiraoriginals-off-white-mel-off-white-mel\/"},"modified":"2026-05-08T13:50:10","modified_gmt":"2026-05-08T13:50:10","slug":"conjunto-3-pecas-escrivaninha-120cm-e-2-armarios-multiuso-madeira-macica-ananda-cabecasa-madeiraoriginals-off-white-mel-off-white-mel","status":"publish","type":"post","link":"https:\/\/ezu.com.br\/lojas\/2026\/05\/conjunto-3-pecas-escrivaninha-120cm-e-2-armarios-multiuso-madeira-macica-ananda-cabecasa-madeiraoriginals-off-white-mel-off-white-mel\/","title":{"rendered":"Conjunto 3 Pe\u00e7as Escrivaninha 120cm e 2 Arm\u00e1rios Multiuso Madeira Maci\u00e7a Ananda CabeCasa MadeiraOriginals Off White Mel Off White\/Mel"},"content":{"rendered":"<h2><\/h2>\n<h3>O pre\u00e7o de Conjunto 3 Pe\u00e7as Escrivaninha 120cm e 2 Arm\u00e1rios Multiuso Madeira Maci\u00e7a Ananda CabeCasa MadeiraOriginals Off White Mel Off White\/Mel nas lojas online, no dia acima, era aproximadamente <strong>R$ BRL3519.00<\/strong>. Para informa\u00e7\u00f5es atualizadas, acesse este produto em dezenas de lojas dos marketplaces do Sistema Magalu:<\/h3>\n<p><a href=\"https:\/\/www.magazinevoce.com.br\/magazineezu\/busca\/Conjunto 3 Pe\u00e7as Escrivaninha 120cm e 2 Arm\u00e1rios Multiuso Madeira Maci\u00e7a Ananda CabeCasa MadeiraOriginals Off White Mel Off White\/Mel\/\" target=\"_blank\" rel=\"noopener\"><img decoding=\"async\" src=\"https:\/\/casatema.vteximg.com.br\/arquivos\/ids\/1448836_2\" alt=\"Conjunto 3 Pe\u00e7as Escrivaninha 120cm e 2 Arm\u00e1rios Multiuso Madeira Maci\u00e7a Ananda CabeCasa MadeiraOriginals Off White Mel Off White\/Mel\" \/> &#8211; CLIQUE AQUI<\/a>.<br \/>\nConjunto 3 Pe\u00e7as Escrivaninha 120cm e 2 Arm\u00e1rios Multiuso Madeira Maci\u00e7a Ananda CabeCasa MadeiraOriginals Off White Mel Off White\/Mel  .body-casatema-use-internal { font-family: Arial, sans-serif; line-height: 1.6; } .container-casatema-use-internal { width: 80%; margin: 0 auto; padding: 20px; } .hx-casatema-use-internal { color: #333; } .ul-casatema-use-internal { list-style-type: none; padding: 0; } .li-casatema-use-internal { background: #f4f4f4; margin: 5px 0; padding: 10px; border-radius: 5px; } .highlight-casatema-use-internal { font-weight: bold; } .image-container-casatema-use-internal, .img-casatema-use-internal { width: 100%; height: auto; } \/* CSS para os atributos *\/ .table-attr-casatema-use-internal { border-spacing: 0px; width: 100%; } .table-attr-casatema-use-internal tr:nth-child(even) { background: #ffffff; } .table-attr-casatema-use-internal tr:nth-child(odd) { background: #dfede9; } .td-left-attr-casatema-use-internal { padding: 10px; width: 30%; font-weight: bold; } .td-right-attr-casatema-use-internal { padding: 10px; width: 70%; } .div-left-attr-casatema-use-internal { width: 100%; } .div-right-attr-casatema-use-internal { width: 100%; } .div-group-attr-casatema-use-internal { padding-bottom: 10px; } @media (min-width: 1224px) { .div-left-attr-casatema-use-internal { width: 49%; float: left; } .div-right-attr-casatema-use-internal { width: 49%; float: right; } }     Conjunto 3 Pe\u00e7as Escrivaninha 120cm e 2 Arm\u00e1rios Multiuso Madeira Maci\u00e7a Ananda CabeCasa MadeiraOriginals Off White Mel Off White\/Mel. O Conjunto Ananda \u00e9 a escolha ideal para quem busca transformar o escrit\u00f3rio em um ambiente de serenidade e produtividade, unindo design ancestral e funcionalidade moderna. Composto por uma escrivaninha espa\u00e7osa e dois arm\u00e1rios vers\u00e1teis, ele traz harmonia e organiza\u00e7\u00e3o superior para o seu dia a dia. \u2022 Design e Bem-estar: A linha Ananda foi desenvolvida para transmitir conforto e felicidade, criando uma atmosfera acolhedora que transforma sua rotina de trabalho ou estudos. \u2022 Durabilidade e Qualidade: A estrutura combina a resist\u00eancia do MDF com a robustez dos p\u00e9s em madeira maci\u00e7a, garantindo um acabamento refinado e longa vida \u00fatil ao m\u00f3vel. \u2022 Espa\u00e7o e Organiza\u00e7\u00e3o: Os arm\u00e1rios verticais possuem portas com detalhe em vidro, facilitando a visualiza\u00e7\u00e3o dos seus livros e objetos enquanto mant\u00eam tudo protegido. \u2022 Dimens\u00f5es Estrat\u00e9gicas: O conjunto completo apresenta uma largura total de 276 cm, com altura de 178,2 cm e profundidade de 50 cm, oferecendo uma ampla \u00e1rea de uso e armazenamento. \u2022 Est\u00e9tica Sofisticada: A combina\u00e7\u00e3o das cores Off White e Mel proporciona um visual atemporal que se adapta com facilidade a diferentes estilos de decora\u00e7\u00e3o residencial. Acompanha 1 escrivaninha, 2 arm\u00e1rios multiuso e kit de ferragens. Para uma compra certeira: Os itens decorativos das imagens n\u00e3o fazem parte do produto. Confirme se as medidas cabem no seu ambiente, considerando uma pequena folga de at\u00e9 2 cm para manuseio.   Caracter\u00edsticasAmbiente PrincipalEscrit\u00f3rioArm\u00e1rio SuspensoN\u00e3oConjunto Cont\u00e9m (Pe\u00e7as)3.0CorOff White\/MelCor InternaOff WhiteCor PredominanteBrancoCor do ProdutoOff White\/MelEstiloCl\u00e1ssicoFabrica\u00e7\u00e3o Pr\u00f3priaSimFormato da EscrivaninhaRetangularFormato do Arm\u00e1rioRetangularLinha ou Cole\u00e7\u00e3oAnandaMarcaCabeCasa MadeiraMadeiraN\u00famero de Prateleiras4Orienta\u00e7\u00e3o do Arm\u00e1rioVerticalOrigem do ProdutoNacionalPeso M\u00e1ximo por Prateleira6.0Porta com chaveN\u00e3oPorta em VidroSimPossui Arm\u00e1rios2Possui Balc\u00e3oN\u00e3oPossui CadeiraN\u00e3oPossui Escrivaninhas1Possui EspelhosN\u00e3oPossui EstanteN\u00e3oPossui GavetasN\u00e3oPossui GaveteiroN\u00e3oPossui Mesa Retr\u00e1tilN\u00e3oPossui Mesa de Reuni\u00e3oN\u00e3oPossui NichosN\u00e3oPossui PortasSimPossui Rod\u00edzioN\u00e3oQuantidade de Arm\u00e1rios2Quantidade de Portas4 PortasSapatas NiveladorasN\u00e3oTamanho do Arm\u00e1rioAlto (Acima de 150cm)Tipo de Conjunto de Escrit\u00f3rioEscrivaninha e Arm\u00e1rioTipo de PortaBaterTipo de Puxador da PortaExternoGarantiaGarantia24 MesesItens InclusosItens Inclusos2 Arm\u00e1rios, 1 Escrivaninha, Manual de Montagem e Kit FerragensMateriais e AcabamentosAcabamentoPintura UVAcabamento da PortaPintura UVAcabamento da PrateleiraPinturaAcabamento dos P\u00e9sVernizEscala de BrilhoSemi-BrilhoEscala de Brilho da PortaSemi-BrilhoEscala de Brilho da PrateleiraSemi-BrilhoMaterial PrincipalMDFMaterial da PortaMDFMaterial da PrateleiraMDFMaterial do Puxador da PortaMetalMaterial dos P\u00e9sMadeira Maci\u00e7aTipo de Dobradi\u00e7a\/Corredi\u00e7a da PortaMet\u00e1licaTipo de Madeira Maci\u00e7a dos P\u00e9sPinusMontagemNecessita MontagemSimRecomenda\u00e7\u00f5es de Uso, Manuten\u00e7\u00e3o e LimpezaUse um pano macio levemente umedecido. N\u00e3o utilizar produtos abrasivos.Sistema de MontagemParafusos, Cavilhas e Dobradi\u00e7aOutras caracter\u00edsticasAmbientenullPossui Portas4Possui Prateleiras4Pesos e Dimens\u00f5esAltura (cm)178.2Altura do Conjunto178.2Altura dos P\u00e9s5.0Largura (cm)120.0Largura do Conjunto276.0Profundidade (cm)50.0<\/p>\n<p>345270610734255216077034432552166107<\/p>\n<hr \/>\n<p>Ainda n\u00e3o encontrou a melhor op\u00e7\u00e3o de compra? Oferecemos mais uma possibilidade de <strong>busca<\/strong> mais ampla para <a href=\"https:\/\/ecompare.com.br\/lojas\/resultados-da-pesquisa\/?q=Conjunto 3 Pe\u00e7as Escrivaninha 120cm e 2 Arm\u00e1rios Multiuso Madeira Maci\u00e7a Ananda CabeCasa MadeiraOriginals Off White Mel Off White\/Mel#gsc.tab=0&amp;gsc.q=Conjunto 3 Pe\u00e7as Escrivaninha 120cm e 2 Arm\u00e1rios Multiuso Madeira Maci\u00e7a Ananda CabeCasa MadeiraOriginals Off White Mel Off White\/Mel&amp;gsc.page=1\" target=\"_blank\" rel=\"noopener\">Conjunto 3 Pe\u00e7as Escrivaninha 120cm e 2 Arm\u00e1rios Multiuso Madeira Maci\u00e7a Ananda CabeCasa MadeiraOriginals Off White Mel Off White\/Mel, clique e continue <strong>pesquisando&#8230;<\/strong><\/a><\/p>\n<hr \/>\n","protected":false},"excerpt":{"rendered":"<p>R$ 3519.00 nas lojas <a href=\"https:\/\/www.awin1.com\/pclick.php?p=44999528774&#038;a=690303&#038;m=100453\" target=\"_blank\" rel=\"sponsored\">Casa Tema BR<\/a><\/p>\n","protected":false},"author":1,"featured_media":0,"comment_status":"closed","ping_status":"closed","sticky":false,"template":"","format":"standard","meta":{"footnotes":""},"categories":[4],"tags":[10940,7432],"class_list":["post-80938","post","type-post","status-publish","format-standard","hentry","category-produtos","tag-3519-00","tag-casa-tema-br"],"_links":{"self":[{"href":"https:\/\/ezu.com.br\/lojas\/wp-json\/wp\/v2\/posts\/80938","targetHints":{"allow":["GET"]}}],"collection":[{"href":"https:\/\/ezu.com.br\/lojas\/wp-json\/wp\/v2\/posts"}],"about":[{"href":"https:\/\/ezu.com.br\/lojas\/wp-json\/wp\/v2\/types\/post"}],"author":[{"embeddable":true,"href":"https:\/\/ezu.com.br\/lojas\/wp-json\/wp\/v2\/users\/1"}],"replies":[{"embeddable":true,"href":"https:\/\/ezu.com.br\/lojas\/wp-json\/wp\/v2\/comments?post=80938"}],"version-history":[{"count":0,"href":"https:\/\/ezu.com.br\/lojas\/wp-json\/wp\/v2\/posts\/80938\/revisions"}],"wp:attachment":[{"href":"https:\/\/ezu.com.br\/lojas\/wp-json\/wp\/v2\/media?parent=80938"}],"wp:term":[{"taxonomy":"category","embeddable":true,"href":"https:\/\/ezu.com.br\/lojas\/wp-json\/wp\/v2\/categories?post=80938"},{"taxonomy":"post_tag","embeddable":true,"href":"https:\/\/ezu.com.br\/lojas\/wp-json\/wp\/v2\/tags?post=80938"}],"curies":[{"name":"wp","href":"https:\/\/api.w.org\/{rel}","templated":true}]}}