{"id":80600,"date":"2026-06-10T19:51:08","date_gmt":"2026-06-10T19:51:08","guid":{"rendered":"https:\/\/ezu.com.br\/lojas\/2026\/06\/capas-sofa-soma-2-lugares-braco-lateral-cabecasa-madeiraoriginals\/"},"modified":"2026-06-10T19:51:08","modified_gmt":"2026-06-10T19:51:08","slug":"capas-sofa-soma-2-lugares-braco-lateral-cabecasa-madeiraoriginals","status":"publish","type":"post","link":"https:\/\/ezu.com.br\/lojas\/2026\/06\/capas-sofa-soma-2-lugares-braco-lateral-cabecasa-madeiraoriginals\/","title":{"rendered":"Capas Sof\u00e1 S\u00f4ma 2 Lugares Bra\u00e7o Lateral CabeCasa MadeiraOriginals"},"content":{"rendered":"<h2><\/h2>\n<h3>O pre\u00e7o de Capas Sof\u00e1 S\u00f4ma 2 Lugares Bra\u00e7o Lateral CabeCasa MadeiraOriginals nas lojas online, no dia acima, era aproximadamente <strong>R$ BRL1905.87<\/strong>. Para informa\u00e7\u00f5es atualizadas, acesse este produto em dezenas de lojas dos marketplaces do Sistema Magalu:<\/h3>\n<p><a href=\"https:\/\/www.magazinevoce.com.br\/magazineezu\/busca\/Capas Sof\u00e1 S\u00f4ma 2 Lugares Bra\u00e7o Lateral CabeCasa MadeiraOriginals\/\" target=\"_blank\" rel=\"noopener\"><img decoding=\"async\" src=\"https:\/\/casatema.vteximg.com.br\/arquivos\/ids\/1445207_2\" alt=\"Capas Sof\u00e1 S\u00f4ma 2 Lugares Bra\u00e7o Lateral CabeCasa MadeiraOriginals\" \/> &#8211; CLIQUE AQUI<\/a>.<br \/>\nCapas Sof\u00e1 S\u00f4ma 2 Lugares Bra\u00e7o Lateral CabeCasa MadeiraOriginals  .body-casatema-use-internal { font-family: Arial, sans-serif; line-height: 1.6; } .container-casatema-use-internal { width: 80%; margin: 0 auto; padding: 20px; } .hx-casatema-use-internal { color: #333; } .ul-casatema-use-internal { list-style-type: none; padding: 0; } .li-casatema-use-internal { background: #f4f4f4; margin: 5px 0; padding: 10px; border-radius: 5px; } .highlight-casatema-use-internal { font-weight: bold; } .image-container-casatema-use-internal, .img-casatema-use-internal { width: 100%; height: auto; } \/* CSS para os atributos *\/ .table-attr-casatema-use-internal { border-spacing: 0px; width: 100%; } .table-attr-casatema-use-internal tr:nth-child(even) { background: #ffffff; } .table-attr-casatema-use-internal tr:nth-child(odd) { background: #dfede9; } .td-left-attr-casatema-use-internal { padding: 10px; width: 30%; font-weight: bold; } .td-right-attr-casatema-use-internal { padding: 10px; width: 70%; } .div-left-attr-casatema-use-internal { width: 100%; } .div-right-attr-casatema-use-internal { width: 100%; } .div-group-attr-casatema-use-internal { padding-bottom: 10px; } @media (min-width: 1224px) { .div-left-attr-casatema-use-internal { width: 49%; float: left; } .div-right-attr-casatema-use-internal { width: 49%; float: right; } }     Capas Sof\u00e1 S\u00f4ma 2 Lugares Bra\u00e7o Lateral CabeCasa MadeiraOriginals. Com os kits de capas avulsas, voc\u00ea eleva a vida \u00fatil do seu estofado S\u00d4MA. Essa \u00e9 a forma mais inteligente de renovar o visual do seu sof\u00e1 e expandir sua longevidade por muitos anos, provando que design e sustentabilidade caminham lado a lado. Se o seu estilo mudou, transforme! Gra\u00e7as ao sistema de velcro, a troca \u00e9 simplificada e r\u00e1pida, permitindo que voc\u00ea personalize o sof\u00e1 modular S\u00d4MA sempre que precisar. Cada capa \u00e9 remov\u00edvel e lav\u00e1vel, garantindo m\u00e1xima praticidade na manuten\u00e7\u00e3o do dia a dia. Assim, seu S\u00d4MA se adapta \u00e0 sua jornada, mantendo-se sempre atual e refletindo seu estilo.****Somente capas &#8211; o Sof\u00e1 \u00e9 vendido separado****   Caracter\u00edsticasAmbiente PrincipalSala de EstarCapa de Sof\u00e1 Ideal ParaSof\u00e1 de 2 Lugares\/Bra\u00e7o LateralCorLinho VerdeCor PredominanteVerdeCor do ProdutoVerdeEstampadoN\u00e3oFabrica\u00e7\u00e3o Pr\u00f3priaSimLinha ou Cole\u00e7\u00e3oS\u00f4maMarcaCabeCasa MadeiraMadeiraOrigem do ProdutoNacionalPode ser Lavado em M\u00e1quina de Lavar RoupaSimQuantidade de Pe\u00e7as9Tipo de TecidoLinhoGarantiaGarantia03 MesesItens InclusosItens Inclusos1 kit de CapasMateriais e AcabamentosMaterial Principal DecorAlgod\u00e3oMontagemRecomenda\u00e7\u00f5es de Uso, Manuten\u00e7\u00e3o e LimpezaPara as instru\u00e7\u00f5es de lavagem \u00e9 necess\u00e1rio seguir a recomenda\u00e7\u00e3o da etiqueta costurada nas capas.Pesos e Dimens\u00f5esComprimento (cm)60.0Largura (cm)40.0Peso (kg)3.3<\/p>\n<p>345270610734255216077034432552166107<\/p>\n<hr \/>\n<p>Ainda n\u00e3o encontrou a melhor op\u00e7\u00e3o de compra? Oferecemos mais uma possibilidade de <strong>busca<\/strong> mais ampla para <a href=\"https:\/\/ecompare.com.br\/lojas\/resultados-da-pesquisa\/?q=Capas Sof\u00e1 S\u00f4ma 2 Lugares Bra\u00e7o Lateral CabeCasa MadeiraOriginals#gsc.tab=0&amp;gsc.q=Capas Sof\u00e1 S\u00f4ma 2 Lugares Bra\u00e7o Lateral CabeCasa MadeiraOriginals&amp;gsc.page=1\" target=\"_blank\" rel=\"noopener\">Capas Sof\u00e1 S\u00f4ma 2 Lugares Bra\u00e7o Lateral CabeCasa MadeiraOriginals, clique e continue <strong>pesquisando&#8230;<\/strong><\/a><\/p>\n<hr \/>\n","protected":false},"excerpt":{"rendered":"<p>R$ 1905.87 nas lojas <a href=\"https:\/\/www.awin1.com\/pclick.php?p=44999528406&#038;a=690303&#038;m=100453\" target=\"_blank\" rel=\"sponsored\">Casa Tema BR<\/a><\/p>\n","protected":false},"author":1,"featured_media":0,"comment_status":"closed","ping_status":"closed","sticky":false,"template":"","format":"standard","meta":{"footnotes":""},"categories":[4],"tags":[10678,7432],"class_list":["post-80600","post","type-post","status-publish","format-standard","hentry","category-produtos","tag-1905-87","tag-casa-tema-br"],"_links":{"self":[{"href":"https:\/\/ezu.com.br\/lojas\/wp-json\/wp\/v2\/posts\/80600","targetHints":{"allow":["GET"]}}],"collection":[{"href":"https:\/\/ezu.com.br\/lojas\/wp-json\/wp\/v2\/posts"}],"about":[{"href":"https:\/\/ezu.com.br\/lojas\/wp-json\/wp\/v2\/types\/post"}],"author":[{"embeddable":true,"href":"https:\/\/ezu.com.br\/lojas\/wp-json\/wp\/v2\/users\/1"}],"replies":[{"embeddable":true,"href":"https:\/\/ezu.com.br\/lojas\/wp-json\/wp\/v2\/comments?post=80600"}],"version-history":[{"count":0,"href":"https:\/\/ezu.com.br\/lojas\/wp-json\/wp\/v2\/posts\/80600\/revisions"}],"wp:attachment":[{"href":"https:\/\/ezu.com.br\/lojas\/wp-json\/wp\/v2\/media?parent=80600"}],"wp:term":[{"taxonomy":"category","embeddable":true,"href":"https:\/\/ezu.com.br\/lojas\/wp-json\/wp\/v2\/categories?post=80600"},{"taxonomy":"post_tag","embeddable":true,"href":"https:\/\/ezu.com.br\/lojas\/wp-json\/wp\/v2\/tags?post=80600"}],"curies":[{"name":"wp","href":"https:\/\/api.w.org\/{rel}","templated":true}]}}