{"id":80152,"date":"2026-06-04T23:35:20","date_gmt":"2026-06-04T23:35:20","guid":{"rendered":"https:\/\/ezu.com.br\/lojas\/2026\/06\/sofa-2-lugares-em-linho-orquidea-cabecasa-madeiraoriginals-cinza-veludo-cinza\/"},"modified":"2026-06-04T23:35:20","modified_gmt":"2026-06-04T23:35:20","slug":"sofa-2-lugares-em-linho-orquidea-cabecasa-madeiraoriginals-cinza-veludo-cinza","status":"publish","type":"post","link":"https:\/\/ezu.com.br\/lojas\/2026\/06\/sofa-2-lugares-em-linho-orquidea-cabecasa-madeiraoriginals-cinza-veludo-cinza\/","title":{"rendered":"Sof\u00e1 2 Lugares em Linho Orqu\u00eddea CabeCasa MadeiraOriginals Cinza Veludo Cinza"},"content":{"rendered":"<h2><\/h2>\n<h3>O pre\u00e7o de Sof\u00e1 2 Lugares em Linho Orqu\u00eddea CabeCasa MadeiraOriginals Cinza Veludo Cinza nas lojas online, no dia acima, era aproximadamente <strong>R$ BRL1899.49<\/strong>. Para informa\u00e7\u00f5es atualizadas, acesse este produto em dezenas de lojas dos marketplaces do Sistema Magalu:<\/h3>\n<p><a href=\"https:\/\/www.magazinevoce.com.br\/magazineezu\/busca\/Sof\u00e1 2 Lugares em Linho Orqu\u00eddea CabeCasa MadeiraOriginals Cinza Veludo Cinza\/\" target=\"_blank\" rel=\"noopener\"><img decoding=\"async\" src=\"https:\/\/casatema.vteximg.com.br\/arquivos\/ids\/1440217_2\" alt=\"Sof\u00e1 2 Lugares em Linho Orqu\u00eddea CabeCasa MadeiraOriginals Cinza Veludo Cinza\" \/> &#8211; CLIQUE AQUI<\/a>.<br \/>\nSof\u00e1 2 Lugares em Linho Orqu\u00eddea CabeCasa MadeiraOriginals Cinza Veludo Cinza  .body-casatema-use-internal { font-family: Arial, sans-serif; line-height: 1.6; } .container-casatema-use-internal { width: 80%; margin: 0 auto; padding: 20px; } .hx-casatema-use-internal { color: #333; } .ul-casatema-use-internal { list-style-type: none; padding: 0; } .li-casatema-use-internal { background: #f4f4f4; margin: 5px 0; padding: 10px; border-radius: 5px; } .highlight-casatema-use-internal { font-weight: bold; } .image-container-casatema-use-internal, .img-casatema-use-internal { width: 100%; height: auto; } \/* CSS para os atributos *\/ .table-attr-casatema-use-internal { border-spacing: 0px; width: 100%; } .table-attr-casatema-use-internal tr:nth-child(even) { background: #ffffff; } .table-attr-casatema-use-internal tr:nth-child(odd) { background: #dfede9; } .td-left-attr-casatema-use-internal { padding: 10px; width: 30%; font-weight: bold; } .td-right-attr-casatema-use-internal { padding: 10px; width: 70%; } .div-left-attr-casatema-use-internal { width: 100%; } .div-right-attr-casatema-use-internal { width: 100%; } .div-group-attr-casatema-use-internal { padding-bottom: 10px; } @media (min-width: 1224px) { .div-left-attr-casatema-use-internal { width: 49%; float: left; } .div-right-attr-casatema-use-internal { width: 49%; float: right; } }     Sof\u00e1 2 Lugares em Linho Orqu\u00eddea CabeCasa MadeiraOriginals Cinza Veludo Cinza. O Sof\u00e1 Orqu\u00eddea une charme retr\u00f4, conforto e praticidade. Inspirada no estilo vintage, com seus p\u00e9s c\u00f4nicos e bra\u00e7os compactos, \u00e9 ideal para ambientes menores. As almofadas soltas com fibra 100% siliconada oferecem suporte ergon\u00f4mico e maciez. O assento combina espuma de alta performance com percintas el\u00e1sticas, garantindo conforto e durabilidade. Sua estrutura em eucalipto tratado \u00e9 robusta, sustent\u00e1vel e tem maior resist\u00eancia a cupins. Revestido com tecido Dream Touch, feito com fontes renov\u00e1veis ou recicladas, tem toque suave, \u00e9 f\u00e1cil de limpar e altamente resistente. Produzido com responsabilidade ambiental e social. O Sof\u00e1 Orqu\u00eddea \u00e9 perfeito para quem busca eleg\u00e2ncia, conforto duradouro e praticidade.   Caracter\u00edsticasAmbienteSala de EstarAmbiente PrincipalSala de EstarCorLinho CinzaCor PredominanteCinzaCor do ProdutoVeludo CinzaDensidade do AssentoD-23Densidade do EncostoD-23Enchimento do AssentoEspumaEnchimento do EncostoFibra SiliconadaEstiloVintageEstilo de Bra\u00e7oBra\u00e7os RedondosFabrica\u00e7\u00e3o Pr\u00f3priaSimFirmeza do AssentoM\u00e9dioInforma\u00e7\u00f5es Complementares (Novo)Capacidade de carga 100kg por lugarLinha ou Cole\u00e7\u00e3oOrqu\u00eddeaMarcaCabeCasa MadeiraMadeiraModelo do Sof\u00e1Sof\u00e1 FixoN\u00edvel de ConfortoIntermedi\u00e1rioOrigem do ProdutoNacionalPet FriendlyN\u00e3oPossui Percintas El\u00e1sticasSimPossui P\u00e9sSimPossui Rod\u00edzioN\u00e3oQuantidade de Lugares2Rod\u00edzio com TravaSimSuporta At\u00e9 (kg)100.0Tecido PredominanteSuedeTipo de EncostoFixoTipo de MolaN\u00e3o PossuiTipo de Sof\u00e1Sof\u00e1s ComunsDocumentos AdicionaisManual de Montagem e Instala\u00e7\u00e3oClique aqui para acessarmanual de montagemClique aqui para acessarGarantiaGarantia24 MesesItens InclusosAcompanha AlmofadaN\u00e3oAcompanha Almofadas ExtrasN\u00e3oItens Inclusos1 Sof\u00e1, 4 P\u00e9s e Manual de MontagemMateriais e AcabamentosMaterial da EstruturaMadeira EucaliptoMaterial dos P\u00e9sPVCResistente \u00e0 ChuvaN\u00e3oRevestimento do Bra\u00e7oSuedeMontagemComplexidade da MontagemBaixa: pode ser montado por uma pessoa sozinhaNecessita MontagemSimRecomenda\u00e7\u00f5es de Uso, Manuten\u00e7\u00e3o e LimpezaEvitar exposi\u00e7\u00e3o direta \u00e0 luz solar, limpar com escova macia e aspirar o p\u00f3 semanalmente, n\u00e3o utilizar produtos qu\u00edmicos, removedores, alvejantes, etc. Evite exercer press\u00e3o excessiva sobre determinada partes do estofado, n\u00e3o utilizar para limpeza equipamentos a vapor de \u00e1gua.Sistema de MontagemEncaixePesos e Dimens\u00f5esAltura (cm)90.0Altura do Assento at\u00e9 o Ch\u00e3o46.0Altura do Encosto45.0Altura dos P\u00e9s10.0Largura (cm)138.0Peso (kg)27.1Profundidade (cm)88.0<\/p>\n<p>345270610734255216077034432552166107<\/p>\n<hr \/>\n<p>Ainda n\u00e3o encontrou a melhor op\u00e7\u00e3o de compra? Oferecemos mais uma possibilidade de <strong>busca<\/strong> mais ampla para <a href=\"https:\/\/ecompare.com.br\/lojas\/resultados-da-pesquisa\/?q=Sof\u00e1 2 Lugares em Linho Orqu\u00eddea CabeCasa MadeiraOriginals Cinza Veludo Cinza#gsc.tab=0&amp;gsc.q=Sof\u00e1 2 Lugares em Linho Orqu\u00eddea CabeCasa MadeiraOriginals Cinza Veludo Cinza&amp;gsc.page=1\" target=\"_blank\" rel=\"noopener\">Sof\u00e1 2 Lugares em Linho Orqu\u00eddea CabeCasa MadeiraOriginals Cinza Veludo Cinza, clique e continue <strong>pesquisando&#8230;<\/strong><\/a><\/p>\n<hr \/>\n","protected":false},"excerpt":{"rendered":"<p>R$ 1899.49 nas lojas <a href=\"https:\/\/www.awin1.com\/pclick.php?p=44999527874&#038;a=690303&#038;m=100453\" target=\"_blank\" rel=\"sponsored\">Casa Tema BR<\/a><\/p>\n","protected":false},"author":1,"featured_media":0,"comment_status":"closed","ping_status":"closed","sticky":false,"template":"","format":"standard","meta":{"footnotes":""},"categories":[4],"tags":[9757,7432],"class_list":["post-80152","post","type-post","status-publish","format-standard","hentry","category-produtos","tag-1899-49","tag-casa-tema-br"],"_links":{"self":[{"href":"https:\/\/ezu.com.br\/lojas\/wp-json\/wp\/v2\/posts\/80152","targetHints":{"allow":["GET"]}}],"collection":[{"href":"https:\/\/ezu.com.br\/lojas\/wp-json\/wp\/v2\/posts"}],"about":[{"href":"https:\/\/ezu.com.br\/lojas\/wp-json\/wp\/v2\/types\/post"}],"author":[{"embeddable":true,"href":"https:\/\/ezu.com.br\/lojas\/wp-json\/wp\/v2\/users\/1"}],"replies":[{"embeddable":true,"href":"https:\/\/ezu.com.br\/lojas\/wp-json\/wp\/v2\/comments?post=80152"}],"version-history":[{"count":0,"href":"https:\/\/ezu.com.br\/lojas\/wp-json\/wp\/v2\/posts\/80152\/revisions"}],"wp:attachment":[{"href":"https:\/\/ezu.com.br\/lojas\/wp-json\/wp\/v2\/media?parent=80152"}],"wp:term":[{"taxonomy":"category","embeddable":true,"href":"https:\/\/ezu.com.br\/lojas\/wp-json\/wp\/v2\/categories?post=80152"},{"taxonomy":"post_tag","embeddable":true,"href":"https:\/\/ezu.com.br\/lojas\/wp-json\/wp\/v2\/tags?post=80152"}],"curies":[{"name":"wp","href":"https:\/\/api.w.org\/{rel}","templated":true}]}}