{"id":79145,"date":"2026-05-04T16:00:43","date_gmt":"2026-05-04T16:00:43","guid":{"rendered":"https:\/\/ezu.com.br\/lojas\/2026\/05\/mesa-de-cabeceira-modular-direita-2-portas-1-gaveta-hera-cabecasa-madeiraoriginals-preto-preto\/"},"modified":"2026-05-04T16:00:43","modified_gmt":"2026-05-04T16:00:43","slug":"mesa-de-cabeceira-modular-direita-2-portas-1-gaveta-hera-cabecasa-madeiraoriginals-preto-preto","status":"publish","type":"post","link":"https:\/\/ezu.com.br\/lojas\/2026\/05\/mesa-de-cabeceira-modular-direita-2-portas-1-gaveta-hera-cabecasa-madeiraoriginals-preto-preto\/","title":{"rendered":"Mesa de Cabeceira Modular Direita 2 Portas 1 Gaveta Hera CabeCasa MadeiraOriginals Preto Preto"},"content":{"rendered":"<h2><\/h2>\n<h3>O pre\u00e7o de Mesa de Cabeceira Modular Direita 2 Portas 1 Gaveta Hera CabeCasa MadeiraOriginals Preto Preto nas lojas online, no dia acima, era aproximadamente <strong>R$ BRL1899.49<\/strong>. Para informa\u00e7\u00f5es atualizadas, acesse este produto em dezenas de lojas dos marketplaces do Sistema Magalu:<\/h3>\n<p><a href=\"https:\/\/www.magazinevoce.com.br\/magazineezu\/busca\/Mesa de Cabeceira Modular Direita 2 Portas 1 Gaveta Hera CabeCasa MadeiraOriginals Preto Preto\/\" target=\"_blank\" rel=\"noopener\"><img decoding=\"async\" src=\"https:\/\/casatema.vteximg.com.br\/arquivos\/ids\/1429457_2\" alt=\"Mesa de Cabeceira Modular Direita 2 Portas 1 Gaveta Hera CabeCasa MadeiraOriginals Preto Preto\" \/> &#8211; CLIQUE AQUI<\/a>.<br \/>\nMesa de Cabeceira Modular Direita 2 Portas 1 Gaveta Hera CabeCasa MadeiraOriginals Preto Preto  .body-casatema-use-internal { font-family: Arial, sans-serif; line-height: 1.6; } .container-casatema-use-internal { width: 80%; margin: 0 auto; padding: 20px; } .hx-casatema-use-internal { color: #333; } .ul-casatema-use-internal { list-style-type: none; padding: 0; } .li-casatema-use-internal { background: #f4f4f4; margin: 5px 0; padding: 10px; border-radius: 5px; } .highlight-casatema-use-internal { font-weight: bold; } .image-container-casatema-use-internal, .img-casatema-use-internal { width: 100%; height: auto; } \/* CSS para os atributos *\/ .table-attr-casatema-use-internal { border-spacing: 0px; width: 100%; } .table-attr-casatema-use-internal tr:nth-child(even) { background: #ffffff; } .table-attr-casatema-use-internal tr:nth-child(odd) { background: #dfede9; } .td-left-attr-casatema-use-internal { padding: 10px; width: 30%; font-weight: bold; } .td-right-attr-casatema-use-internal { padding: 10px; width: 70%; } .div-left-attr-casatema-use-internal { width: 100%; } .div-right-attr-casatema-use-internal { width: 100%; } .div-group-attr-casatema-use-internal { padding-bottom: 10px; } @media (min-width: 1224px) { .div-left-attr-casatema-use-internal { width: 49%; float: left; } .div-right-attr-casatema-use-internal { width: 49%; float: right; } }     Mesa de Cabeceira Modular Direita 2 Portas 1 Gaveta Hera CabeCasa MadeiraOriginals Preto Preto. A Mesa de Cabeceira Modular Hera CabeCasa foi desenvolvido para trazer a experi\u00eancia de ter seu m\u00f3vel customizado de acordo com a necessidade do seu espa\u00e7o. O m\u00f3vel conta com duas portas e uma gaveta oculta e ainda possui passagem de cabo na superf\u00edcie da mesa de cabeceira, evitando assim exposi\u00e7\u00e3o de cabeamento. O cliente pode escolher entre os sete m\u00f3dulos dispon\u00edveis, em diferentes varia\u00e7\u00f5es de acabamentos, os que mais se adaptam ao seu gosto e ao seu dia a dia. Al\u00e9m disso, conta com design moderno que ir\u00e1 trazer muito mais sofistica\u00e7\u00e3o e aconchego para a decora\u00e7\u00e3o.   Caracter\u00edsticasAmbiente PrincipalQuartoCorPretoCor InternaPretoCor PredominantePretoCor do ProdutoPretoCor do PuxadorCinzaEstiloModernoFabrica\u00e7\u00e3o Pr\u00f3priaSimInforma\u00e7\u00f5es Complementares (Novo)Puxador Met\u00e1lico Acetinado, Portas em chapa de 18mm com dobradi\u00e7as com amortecimento e gaveta com corredi\u00e7a telesc\u00f3pica, fundos em 6mm. Tampo suportando at\u00e9 25kg.Lado de AberturaDireitaLinha ou Cole\u00e7\u00e3oHeraMarcaCabeCasa MadeiraMadeiraModularSimOrigem do ProdutoNacionalPossui EspelhosN\u00e3oPossui GavetasSimPossui VidroN\u00e3oOutras caracter\u00edsticasPossui Gavetas1Possui Portas2Possui Prateleiras1Documentos AdicionaisManual de MontagemClique aqui para acessarGarantiaGarantia24 MesesItens InclusosItens Inclusos1 Mesa de Cabeceira Modular Direita Hera 2 Portas e 1 gaveta, Manual de montagem e Kit ferragensMateriais e AcabamentosAcabamentoPinturaAcabamento da GavetaPinturaAcabamento da PortaPinturaAcabamento da PrateleiraPinturaAcabamento dos P\u00e9sPinturaEscala de BrilhoSemi-BrilhoMaterial PrincipalMDPMaterial do Puxador da PortaMetalTipo de Corredi\u00e7a da GavetaMet\u00e1lica Telesc\u00f3picaTipo de Dobradi\u00e7a\/Corredi\u00e7a da PortaTelesc\u00f3picaMontagemNecessita MontagemSimPesos e Dimens\u00f5esAltura (cm)240.0Largura (cm)45.0Peso (kg)59.0Profundidade (cm)54.0<\/p>\n<p>345270610734255216077034432552166107<\/p>\n<hr \/>\n<p>Ainda n\u00e3o encontrou a melhor op\u00e7\u00e3o de compra? Oferecemos mais uma possibilidade de <strong>busca<\/strong> mais ampla para <a href=\"https:\/\/ecompare.com.br\/lojas\/resultados-da-pesquisa\/?q=Mesa de Cabeceira Modular Direita 2 Portas 1 Gaveta Hera CabeCasa MadeiraOriginals Preto Preto#gsc.tab=0&amp;gsc.q=Mesa de Cabeceira Modular Direita 2 Portas 1 Gaveta Hera CabeCasa MadeiraOriginals Preto Preto&amp;gsc.page=1\" target=\"_blank\" rel=\"noopener\">Mesa de Cabeceira Modular Direita 2 Portas 1 Gaveta Hera CabeCasa MadeiraOriginals Preto Preto, clique e continue <strong>pesquisando&#8230;<\/strong><\/a><\/p>\n<hr \/>\n","protected":false},"excerpt":{"rendered":"<p>R$ 1899.49 nas lojas <a href=\"https:\/\/www.awin1.com\/pclick.php?p=44999526724&#038;a=690303&#038;m=100453\" target=\"_blank\" rel=\"sponsored\">Casa Tema BR<\/a><\/p>\n","protected":false},"author":1,"featured_media":0,"comment_status":"closed","ping_status":"closed","sticky":false,"template":"","format":"standard","meta":{"footnotes":""},"categories":[4],"tags":[9757,7432],"class_list":["post-79145","post","type-post","status-publish","format-standard","hentry","category-produtos","tag-1899-49","tag-casa-tema-br"],"_links":{"self":[{"href":"https:\/\/ezu.com.br\/lojas\/wp-json\/wp\/v2\/posts\/79145","targetHints":{"allow":["GET"]}}],"collection":[{"href":"https:\/\/ezu.com.br\/lojas\/wp-json\/wp\/v2\/posts"}],"about":[{"href":"https:\/\/ezu.com.br\/lojas\/wp-json\/wp\/v2\/types\/post"}],"author":[{"embeddable":true,"href":"https:\/\/ezu.com.br\/lojas\/wp-json\/wp\/v2\/users\/1"}],"replies":[{"embeddable":true,"href":"https:\/\/ezu.com.br\/lojas\/wp-json\/wp\/v2\/comments?post=79145"}],"version-history":[{"count":0,"href":"https:\/\/ezu.com.br\/lojas\/wp-json\/wp\/v2\/posts\/79145\/revisions"}],"wp:attachment":[{"href":"https:\/\/ezu.com.br\/lojas\/wp-json\/wp\/v2\/media?parent=79145"}],"wp:term":[{"taxonomy":"category","embeddable":true,"href":"https:\/\/ezu.com.br\/lojas\/wp-json\/wp\/v2\/categories?post=79145"},{"taxonomy":"post_tag","embeddable":true,"href":"https:\/\/ezu.com.br\/lojas\/wp-json\/wp\/v2\/tags?post=79145"}],"curies":[{"name":"wp","href":"https:\/\/api.w.org\/{rel}","templated":true}]}}