{"id":79099,"date":"2026-05-16T20:52:19","date_gmt":"2026-05-16T20:52:19","guid":{"rendered":"https:\/\/ezu.com.br\/lojas\/2026\/05\/conjunto-sala-de-jantar-mesa-115cm-redonda-seiva-4-cadeiras-liz-cabecasa-madeiraoriginals-mel\/"},"modified":"2026-05-16T20:52:19","modified_gmt":"2026-05-16T20:52:19","slug":"conjunto-sala-de-jantar-mesa-115cm-redonda-seiva-4-cadeiras-liz-cabecasa-madeiraoriginals-mel","status":"publish","type":"post","link":"https:\/\/ezu.com.br\/lojas\/2026\/05\/conjunto-sala-de-jantar-mesa-115cm-redonda-seiva-4-cadeiras-liz-cabecasa-madeiraoriginals-mel\/","title":{"rendered":"Conjunto Sala de Jantar Mesa 115cm Redonda Seiva 4 Cadeiras Liz CabeCasa MadeiraOriginals Mel"},"content":{"rendered":"<h2><\/h2>\n<h3>O pre\u00e7o de Conjunto Sala de Jantar Mesa 115cm Redonda Seiva 4 Cadeiras Liz CabeCasa MadeiraOriginals Mel nas lojas online, no dia acima, era aproximadamente <strong>R$ BRL6641.95<\/strong>. Para informa\u00e7\u00f5es atualizadas, acesse este produto em dezenas de lojas dos marketplaces do Sistema Magalu:<\/h3>\n<p><a href=\"https:\/\/www.magazinevoce.com.br\/magazineezu\/busca\/Conjunto Sala de Jantar Mesa 115cm Redonda Seiva 4 Cadeiras Liz CabeCasa MadeiraOriginals Mel\/\" target=\"_blank\" rel=\"noopener\"><img decoding=\"async\" src=\"https:\/\/casatema.vteximg.com.br\/arquivos\/ids\/1428878_2\" alt=\"Conjunto Sala de Jantar Mesa 115cm Redonda Seiva 4 Cadeiras Liz CabeCasa MadeiraOriginals Mel\" \/> &#8211; CLIQUE AQUI<\/a>.<br \/>\nConjunto Sala de Jantar Mesa 115cm Redonda Seiva 4 Cadeiras Liz CabeCasa MadeiraOriginals Mel  .body-casatema-use-internal { font-family: Arial, sans-serif; line-height: 1.6; } .container-casatema-use-internal { width: 80%; margin: 0 auto; padding: 20px; } .hx-casatema-use-internal { color: #333; } .ul-casatema-use-internal { list-style-type: none; padding: 0; } .li-casatema-use-internal { background: #f4f4f4; margin: 5px 0; padding: 10px; border-radius: 5px; } .highlight-casatema-use-internal { font-weight: bold; } .image-container-casatema-use-internal, .img-casatema-use-internal { width: 100%; height: auto; } \/* CSS para os atributos *\/ .table-attr-casatema-use-internal { border-spacing: 0px; width: 100%; } .table-attr-casatema-use-internal tr:nth-child(even) { background: #ffffff; } .table-attr-casatema-use-internal tr:nth-child(odd) { background: #dfede9; } .td-left-attr-casatema-use-internal { padding: 10px; width: 30%; font-weight: bold; } .td-right-attr-casatema-use-internal { padding: 10px; width: 70%; } .div-left-attr-casatema-use-internal { width: 100%; } .div-right-attr-casatema-use-internal { width: 100%; } .div-group-attr-casatema-use-internal { padding-bottom: 10px; } @media (min-width: 1224px) { .div-left-attr-casatema-use-internal { width: 49%; float: left; } .div-right-attr-casatema-use-internal { width: 49%; float: right; } }     Conjunto Sala de Jantar Mesa 115cm Redonda Seiva 4 Cadeiras Liz CabeCasa MadeiraOriginals Mel. A Mesa Seiva \u00e9 produzida em madeira maci\u00e7a de reflorestamento Pinus, tingida com verniz, mat\u00e9rias-primas e acabamentos que garantem a resist\u00eancia e a durabilidade. A estrutura da cadeira \u00e9 feita em madeira maci\u00e7a de Tauari, um tipo de madeira conhecida por sua durabilidade e resist\u00eancia. Al\u00e9m disso, o acabamento da madeira passa por tr\u00eas processos de pintura e \u00e9 finalizado com verniz PU (poliuretano), real\u00e7ando a beleza natural da madeira e proporcionando prote\u00e7\u00e3o contra desgaste e manchas. Os produtos que comp\u00f5em o conjunto podem ser entregues em datas diferentes   Caracter\u00edsticasAlmofada do AssentoFixaAlmofada do EncostoFixaAmbiente PrincipalSala de JantarCadeira\/Banco EstofadaSomente Assento EstofadoCadeira\/Banco Suporta At\u00e9100.0CorMelEnchimento do AssentoEspuma D-28Fabrica\u00e7\u00e3o Pr\u00f3priaSimFormato do TampoRedondoLinha ou Cole\u00e7\u00e3oSeiva\/LizMarcaCabeCasa MadeiraMadeiraMesa Dobr\u00e1velN\u00e3oMesa Extens\u00edvelN\u00e3oMesa Suporta At\u00e950.0Origem do ProdutoNacionalPossui Apoio para Bra\u00e7osN\u00e3oPossui Rod\u00edzioN\u00e3oPossui VidroN\u00e3oQuantidade de Cadeiras4Quantidade de Lugares4Quantidade do Produto4Tipo de AssentoFixoTipo de EncostoFixoVidro TemperadoN\u00e3oGarantiaGarantia24 MesesMateriais e AcabamentosAcabamento da Cadeira\/BancoImpress\u00e3o UV\/VernizAcabamento da MesaVernizApoio para Bra\u00e7os EstofadoN\u00e3oEscala de BrilhoSemi-FoscoMaterial PrincipalMadeira Maci\u00e7aMaterial Principal das Cadeiras\/BancosMadeira Maci\u00e7aMaterial da Base da MesaMadeira Maci\u00e7aMaterial da Estrutura da CadeiraMadeira Maci\u00e7aMaterial do TampoMadeira Maci\u00e7aTipo de Madeira Maci\u00e7a da Base da MesaPinusMontagemNecessita MontagemSimOutras caracter\u00edsticasAmbientenull<\/p>\n<p>345270610734255216077034432552166107<\/p>\n<hr \/>\n<p>Ainda n\u00e3o encontrou a melhor op\u00e7\u00e3o de compra? Oferecemos mais uma possibilidade de <strong>busca<\/strong> mais ampla para <a href=\"https:\/\/ecompare.com.br\/lojas\/resultados-da-pesquisa\/?q=Conjunto Sala de Jantar Mesa 115cm Redonda Seiva 4 Cadeiras Liz CabeCasa MadeiraOriginals Mel#gsc.tab=0&amp;gsc.q=Conjunto Sala de Jantar Mesa 115cm Redonda Seiva 4 Cadeiras Liz CabeCasa MadeiraOriginals Mel&amp;gsc.page=1\" target=\"_blank\" rel=\"noopener\">Conjunto Sala de Jantar Mesa 115cm Redonda Seiva 4 Cadeiras Liz CabeCasa MadeiraOriginals Mel, clique e continue <strong>pesquisando&#8230;<\/strong><\/a><\/p>\n<hr \/>\n","protected":false},"excerpt":{"rendered":"<p>R$ 6641.95 nas lojas <a href=\"https:\/\/www.awin1.com\/pclick.php?p=44999526678&#038;a=690303&#038;m=100453\" target=\"_blank\" rel=\"sponsored\">Casa Tema BR<\/a><\/p>\n","protected":false},"author":1,"featured_media":0,"comment_status":"closed","ping_status":"closed","sticky":false,"template":"","format":"standard","meta":{"footnotes":""},"categories":[4],"tags":[9714,7432],"class_list":["post-79099","post","type-post","status-publish","format-standard","hentry","category-produtos","tag-6641-95","tag-casa-tema-br"],"_links":{"self":[{"href":"https:\/\/ezu.com.br\/lojas\/wp-json\/wp\/v2\/posts\/79099","targetHints":{"allow":["GET"]}}],"collection":[{"href":"https:\/\/ezu.com.br\/lojas\/wp-json\/wp\/v2\/posts"}],"about":[{"href":"https:\/\/ezu.com.br\/lojas\/wp-json\/wp\/v2\/types\/post"}],"author":[{"embeddable":true,"href":"https:\/\/ezu.com.br\/lojas\/wp-json\/wp\/v2\/users\/1"}],"replies":[{"embeddable":true,"href":"https:\/\/ezu.com.br\/lojas\/wp-json\/wp\/v2\/comments?post=79099"}],"version-history":[{"count":0,"href":"https:\/\/ezu.com.br\/lojas\/wp-json\/wp\/v2\/posts\/79099\/revisions"}],"wp:attachment":[{"href":"https:\/\/ezu.com.br\/lojas\/wp-json\/wp\/v2\/media?parent=79099"}],"wp:term":[{"taxonomy":"category","embeddable":true,"href":"https:\/\/ezu.com.br\/lojas\/wp-json\/wp\/v2\/categories?post=79099"},{"taxonomy":"post_tag","embeddable":true,"href":"https:\/\/ezu.com.br\/lojas\/wp-json\/wp\/v2\/tags?post=79099"}],"curies":[{"name":"wp","href":"https:\/\/api.w.org\/{rel}","templated":true}]}}