{"id":79003,"date":"2026-06-13T02:43:24","date_gmt":"2026-06-13T02:43:24","guid":{"rendered":"https:\/\/ezu.com.br\/lojas\/2026\/06\/armario-aereo-2-portas-ipanema-cabecasa-madeiraoriginals-branco\/"},"modified":"2026-06-13T02:43:24","modified_gmt":"2026-06-13T02:43:24","slug":"armario-aereo-2-portas-ipanema-cabecasa-madeiraoriginals-branco","status":"publish","type":"post","link":"https:\/\/ezu.com.br\/lojas\/2026\/06\/armario-aereo-2-portas-ipanema-cabecasa-madeiraoriginals-branco\/","title":{"rendered":"Arm\u00e1rio A\u00e9reo 2 Portas Ipanema CabeCasa MadeiraOriginals Branco"},"content":{"rendered":"<h2><\/h2>\n<h3>O pre\u00e7o de Arm\u00e1rio A\u00e9reo 2 Portas Ipanema CabeCasa MadeiraOriginals Branco nas lojas online, no dia acima, era aproximadamente <strong>R$ BRL1058.80<\/strong>. Para informa\u00e7\u00f5es atualizadas, acesse este produto em dezenas de lojas dos marketplaces do Sistema Magalu:<\/h3>\n<p><a href=\"https:\/\/www.magazinevoce.com.br\/magazineezu\/busca\/Arm\u00e1rio A\u00e9reo 2 Portas Ipanema CabeCasa MadeiraOriginals Branco\/\" target=\"_blank\" rel=\"noopener\"><img decoding=\"async\" src=\"https:\/\/casatema.vteximg.com.br\/arquivos\/ids\/1427742_2\" alt=\"Arm\u00e1rio A\u00e9reo 2 Portas Ipanema CabeCasa MadeiraOriginals Branco\" \/> &#8211; CLIQUE AQUI<\/a>.<br \/>\nArm\u00e1rio A\u00e9reo 2 Portas Ipanema CabeCasa MadeiraOriginals Branco  .body-casatema-use-internal { font-family: Arial, sans-serif; line-height: 1.6; } .container-casatema-use-internal { width: 80%; margin: 0 auto; padding: 20px; } .hx-casatema-use-internal { color: #333; } .ul-casatema-use-internal { list-style-type: none; padding: 0; } .li-casatema-use-internal { background: #f4f4f4; margin: 5px 0; padding: 10px; border-radius: 5px; } .highlight-casatema-use-internal { font-weight: bold; } .image-container-casatema-use-internal, .img-casatema-use-internal { width: 100%; height: auto; } \/* CSS para os atributos *\/ .table-attr-casatema-use-internal { border-spacing: 0px; width: 100%; } .table-attr-casatema-use-internal tr:nth-child(even) { background: #ffffff; } .table-attr-casatema-use-internal tr:nth-child(odd) { background: #dfede9; } .td-left-attr-casatema-use-internal { padding: 10px; width: 30%; font-weight: bold; } .td-right-attr-casatema-use-internal { padding: 10px; width: 70%; } .div-left-attr-casatema-use-internal { width: 100%; } .div-right-attr-casatema-use-internal { width: 100%; } .div-group-attr-casatema-use-internal { padding-bottom: 10px; } @media (min-width: 1224px) { .div-left-attr-casatema-use-internal { width: 49%; float: left; } .div-right-attr-casatema-use-internal { width: 49%; float: right; } }     Arm\u00e1rio A\u00e9reo 2 Portas Ipanema CabeCasa MadeiraOriginals Branco. Arm\u00e1rio A\u00e9reo 2 Portas 80cm Ipanema \u00e9 um m\u00f3vel com design moderno, feito com material de qualidade para garantir alta durabilidade e resist\u00eancia contra umidade. As portas e caixaria s\u00e3o fabricadas em MDP e possuem acabamento em BP, que confere maior resist\u00eancia a riscos e arranh\u00f5es, al\u00e9m de ser f\u00e1cil de limpar. O m\u00f3vel possui dobradi\u00e7as com amortecimento, que garantem um fechamento suave e silencioso das portas. A prateleira central confere versatilidade e praticidade no dia a dia, permitindo armazenar diferentes objetos. Uma op\u00e7\u00e3o de m\u00f3vel pr\u00e1tico e funcional para quem busca organiza\u00e7\u00e3o e estilo em sua casa.   Caracter\u00edsticasAmbiente PrincipalCozinhaBalc\u00e3o Suporta PiaN\u00e3oCorBrancoEstiloModernoFabrica\u00e7\u00e3o Pr\u00f3priaSimLinha ou Cole\u00e7\u00e3oIpanemaMarcaCabeCasa MadeiraMadeiraModularSimOrigem do ProdutoNacionalPeso M\u00e1ximo por Prateleira5.0Possui GavetasN\u00e3oPossui P\u00e9sN\u00e3oSapatas NiveladorasN\u00e3oSuporta At\u00e9 (kg)29.0Tipo de Arm\u00e1rio de CozinhaArm\u00e1rio A\u00e9reoTipo de Puxador da PortaExternoOutras caracter\u00edsticasPossui Portas2Possui Prateleiras1Documentos AdicionaisManual de MontagemClique aqui para acessarGarantiaGarantia5 AnosMateriais e AcabamentosAcabamentoBPAcabamento da PortaBPMaterial PrincipalMDPMaterial da Dobradi\u00e7a\/Corredi\u00e7a da PortaMet\u00e1licaMaterial da PortaMDPMaterial da PrateleiraMDPTipo de Dobradi\u00e7a\/Corredi\u00e7a da PortaSoft CloseMontagemComplexidade da MontagemM\u00e9dia: pode ser montado por mais de uma pessoa e\/ou necessite de maior conhecimento para montagemMontagem FlexSim, op\u00e7\u00e3o de montagem direita e esquerda.Necessita MontagemSimRecomenda\u00e7\u00f5es de Uso, Manuten\u00e7\u00e3o e LimpezaUse um pano levemente umedecido com \u00e1gua, seguido de pano seco. N\u00e3o utilize produtos qu\u00edmicos ou abrasivos.Sistema de MontagemSistema de montagem via cavilhas, parafusos, minifix e pregos.Pesos e Dimens\u00f5esAltura (cm)69.5Largura (cm)80.0Peso (kg)21.0Profundidade (cm)36.7<\/p>\n<p>345270610734255216077034432552166107<\/p>\n<hr \/>\n<p>Ainda n\u00e3o encontrou a melhor op\u00e7\u00e3o de compra? Oferecemos mais uma possibilidade de <strong>busca<\/strong> mais ampla para <a href=\"https:\/\/ecompare.com.br\/lojas\/resultados-da-pesquisa\/?q=Arm\u00e1rio A\u00e9reo 2 Portas Ipanema CabeCasa MadeiraOriginals Branco#gsc.tab=0&amp;gsc.q=Arm\u00e1rio A\u00e9reo 2 Portas Ipanema CabeCasa MadeiraOriginals Branco&amp;gsc.page=1\" target=\"_blank\" rel=\"noopener\">Arm\u00e1rio A\u00e9reo 2 Portas Ipanema CabeCasa MadeiraOriginals Branco, clique e continue <strong>pesquisando&#8230;<\/strong><\/a><\/p>\n<hr \/>\n","protected":false},"excerpt":{"rendered":"<p>R$ 1058.80 nas lojas <a href=\"https:\/\/www.awin1.com\/pclick.php?p=44999526582&#038;a=690303&#038;m=100453\" target=\"_blank\" rel=\"sponsored\">Casa Tema BR<\/a><\/p>\n","protected":false},"author":1,"featured_media":0,"comment_status":"closed","ping_status":"closed","sticky":false,"template":"","format":"standard","meta":{"footnotes":""},"categories":[4],"tags":[9635,7432],"class_list":["post-79003","post","type-post","status-publish","format-standard","hentry","category-produtos","tag-1058-80","tag-casa-tema-br"],"_links":{"self":[{"href":"https:\/\/ezu.com.br\/lojas\/wp-json\/wp\/v2\/posts\/79003","targetHints":{"allow":["GET"]}}],"collection":[{"href":"https:\/\/ezu.com.br\/lojas\/wp-json\/wp\/v2\/posts"}],"about":[{"href":"https:\/\/ezu.com.br\/lojas\/wp-json\/wp\/v2\/types\/post"}],"author":[{"embeddable":true,"href":"https:\/\/ezu.com.br\/lojas\/wp-json\/wp\/v2\/users\/1"}],"replies":[{"embeddable":true,"href":"https:\/\/ezu.com.br\/lojas\/wp-json\/wp\/v2\/comments?post=79003"}],"version-history":[{"count":0,"href":"https:\/\/ezu.com.br\/lojas\/wp-json\/wp\/v2\/posts\/79003\/revisions"}],"wp:attachment":[{"href":"https:\/\/ezu.com.br\/lojas\/wp-json\/wp\/v2\/media?parent=79003"}],"wp:term":[{"taxonomy":"category","embeddable":true,"href":"https:\/\/ezu.com.br\/lojas\/wp-json\/wp\/v2\/categories?post=79003"},{"taxonomy":"post_tag","embeddable":true,"href":"https:\/\/ezu.com.br\/lojas\/wp-json\/wp\/v2\/tags?post=79003"}],"curies":[{"name":"wp","href":"https:\/\/api.w.org\/{rel}","templated":true}]}}