{"id":78985,"date":"2026-05-03T10:11:23","date_gmt":"2026-05-03T10:11:23","guid":{"rendered":"https:\/\/ezu.com.br\/lojas\/2026\/05\/balcao-pia-2-portas-4-gavetas-com-tampo-e-rodape-ipanema-cabecasa-madeiraoriginals-branco\/"},"modified":"2026-05-03T10:11:23","modified_gmt":"2026-05-03T10:11:23","slug":"balcao-pia-2-portas-4-gavetas-com-tampo-e-rodape-ipanema-cabecasa-madeiraoriginals-branco","status":"publish","type":"post","link":"https:\/\/ezu.com.br\/lojas\/2026\/05\/balcao-pia-2-portas-4-gavetas-com-tampo-e-rodape-ipanema-cabecasa-madeiraoriginals-branco\/","title":{"rendered":"Balc\u00e3o Pia 2 Portas 4 Gavetas com Tampo e Rodap\u00e9 Ipanema CabeCasa MadeiraOriginals Branco"},"content":{"rendered":"<h2><\/h2>\n<h3>O pre\u00e7o de Balc\u00e3o Pia 2 Portas 4 Gavetas com Tampo e Rodap\u00e9 Ipanema CabeCasa MadeiraOriginals Branco nas lojas online, no dia acima, era aproximadamente <strong>R$ BRL2270.56<\/strong>. Para informa\u00e7\u00f5es atualizadas, acesse este produto em dezenas de lojas dos marketplaces do Sistema Magalu:<\/h3>\n<p><a href=\"https:\/\/www.magazinevoce.com.br\/magazineezu\/busca\/Balc\u00e3o Pia 2 Portas 4 Gavetas com Tampo e Rodap\u00e9 Ipanema CabeCasa MadeiraOriginals Branco\/\" target=\"_blank\" rel=\"noopener\"><img decoding=\"async\" src=\"https:\/\/casatema.vteximg.com.br\/arquivos\/ids\/1427550_2\" alt=\"Balc\u00e3o Pia 2 Portas 4 Gavetas com Tampo e Rodap\u00e9 Ipanema CabeCasa MadeiraOriginals Branco\" \/> &#8211; CLIQUE AQUI<\/a>.<br \/>\nBalc\u00e3o Pia 2 Portas 4 Gavetas com Tampo e Rodap\u00e9 Ipanema CabeCasa MadeiraOriginals Branco  .body-casatema-use-internal { font-family: Arial, sans-serif; line-height: 1.6; } .container-casatema-use-internal { width: 80%; margin: 0 auto; padding: 20px; } .hx-casatema-use-internal { color: #333; } .ul-casatema-use-internal { list-style-type: none; padding: 0; } .li-casatema-use-internal { background: #f4f4f4; margin: 5px 0; padding: 10px; border-radius: 5px; } .highlight-casatema-use-internal { font-weight: bold; } .image-container-casatema-use-internal, .img-casatema-use-internal { width: 100%; height: auto; } \/* CSS para os atributos *\/ .table-attr-casatema-use-internal { border-spacing: 0px; width: 100%; } .table-attr-casatema-use-internal tr:nth-child(even) { background: #ffffff; } .table-attr-casatema-use-internal tr:nth-child(odd) { background: #dfede9; } .td-left-attr-casatema-use-internal { padding: 10px; width: 30%; font-weight: bold; } .td-right-attr-casatema-use-internal { padding: 10px; width: 70%; } .div-left-attr-casatema-use-internal { width: 100%; } .div-right-attr-casatema-use-internal { width: 100%; } .div-group-attr-casatema-use-internal { padding-bottom: 10px; } @media (min-width: 1224px) { .div-left-attr-casatema-use-internal { width: 49%; float: left; } .div-right-attr-casatema-use-internal { width: 49%; float: right; } }     Balc\u00e3o Pia 2 Portas 4 Gavetas com Tampo e Rodap\u00e9 Ipanema CabeCasa MadeiraOriginals Branco. Balc\u00e3o de Pia Com Tampo Com Rodap\u00e9 Puxador 150mm Ipanema \u00e9 um m\u00f3vel com design moderno e elegante, ideal para compor a decora\u00e7\u00e3o da sua cozinha. As portas, frentes de gaveta, tampo e caixaria s\u00e3o fabricadas em MDP e possuem acabamento em BP, materiais de alta qualidade e resist\u00eancia, proporcionando durabilidade e praticidade no uso di\u00e1rio. O tampo com padr\u00e3o Ac\u00e1cia, mais as portas e frentes de gaveta em Branco conferem sofistica\u00e7\u00e3o ao m\u00f3vel, enquanto o rodap\u00e9 Branco e o puxador de 150mm adicionam um toque de eleg\u00e2ncia ao design. J\u00e1 as dobradi\u00e7as com amortecimento e as corredi\u00e7as telesc\u00f3picas garantem um fechamento suave e silencioso das portas e frentes de gaveta, oferecendo maior resist\u00eancia e praticidade. A fita de borda em PVC e o rodap\u00e9 pl\u00e1stico trazem maior prote\u00e7\u00e3o contra umidade e prolongam a vida \u00fatil do m\u00f3vel, al\u00e9m de ser f\u00e1cil de limpar. Outra caracter\u00edstica interessante deste arm\u00e1rio \u00e9 a montagem flex\u00edvel, que permite escolher a op\u00e7\u00e3o direita ou esquerda, adaptando-se melhor ao espa\u00e7o dispon\u00edvel da sua cozinha. Uma op\u00e7\u00e3o pr\u00e1tica e funcional para quem busca organiza\u00e7\u00e3o e estilo em sua casa.   Caracter\u00edsticasAcompanha Rodap\u00e9 DecorativoSimAmbiente PrincipalCozinhaBalc\u00e3o Suporta PiaSimCesto para FrutasN\u00e3oCorBrancoCor InternaBrancoCor PredominanteBrancoCor do ProdutoBrancoEstiloModernoFabrica\u00e7\u00e3o Pr\u00f3priaSimInforma\u00e7\u00f5es Complementares (Novo)Altura dos p\u00e9s 13 cm. fechado e 16 cm. abertoLinha ou Cole\u00e7\u00e3oIpanemaMarcaCabeCasa MadeiraMadeiraMedida do Tampo (L x C x E)120cmx52cmx9,5cmModularSimOrigem do ProdutoNacionalPeso M\u00e1ximo por Prateleira5.0Possui GavetasN\u00e3oPossui PortasN\u00e3oPossui PrateleirasN\u00e3oPossui P\u00e9sSimPossui Recorte para CooktopN\u00e3oPossui Rod\u00edzioN\u00e3oProduto MontadoN\u00e3oP\u00e9s Regul\u00e1veisSimQuantidade de Gavetas04 GavetasQuantidade de Portas2 PortasSapatas NiveladorasN\u00e3oSuporta At\u00e9 (kg)27.0Suporta GranitoSimTipo de Base (p\u00e9s)Rodap\u00e9Tipo de PortaAbrirTipo de Puxador da PortaExternoDocumentos AdicionaisManual de MontagemClique aqui para acessarGarantiaGarantia5 AnosItens InclusosAcompanha TampoSimItens Inclusos1 Balc\u00e3o de Pia + Tampo + Rodap\u00e9s + Manual de Montagem + Kit FerragensMateriais e AcabamentosAcabamentoBP Melam\u00ednicoAcabamento da PortaBP Melam\u00ednicoAcabamento da PrateleiraBP Melam\u00ednicoAcabamento dos P\u00e9sLisoEscala de BrilhoFoscoEscala de Brilho da PortaFoscoEscala de Brilho da PrateleiraFoscoMaterial PrincipalMDPMaterial da Corredi\u00e7aMet\u00e1licaMaterial da Dobradi\u00e7a\/Corredi\u00e7a da PortaMet\u00e1licaMaterial da PortaMDPMaterial da PrateleiraMDPMaterial do Puxador da PortaAlum\u00ednioMaterial do TampoMDPMaterial dos P\u00e9sPl\u00e1sticoTipo de Dobradi\u00e7a\/Corredi\u00e7a da PortaSoft CloseMontagemComplexidade da MontagemM\u00e9dia: pode ser montado por mais de uma pessoa e\/ou necessite de maior conhecimento para montagemRecomenda\u00e7\u00f5es de Uso, Manuten\u00e7\u00e3o e LimpezaUse um pano levemente umedecido com \u00e1gua, seguido de pano seco. N\u00e3o utilize produtos qu\u00edmicos ou abrasivos.Sistema de MontagemSistema de montagem via cavilhas, parafusos, minifix e pregos.Outras caracter\u00edsticasPossui Portas2Possui Prateleiras1Pesos e Dimens\u00f5esAltura (cm)93.0Altura dos P\u00e9s16.0Largura (cm)120.0Peso (kg)54.1Profundidade (cm)52.0<\/p>\n<p>345270610734255216077034432552166107<\/p>\n<hr \/>\n<p>Ainda n\u00e3o encontrou a melhor op\u00e7\u00e3o de compra? Oferecemos mais uma possibilidade de <strong>busca<\/strong> mais ampla para <a href=\"https:\/\/ecompare.com.br\/lojas\/resultados-da-pesquisa\/?q=Balc\u00e3o Pia 2 Portas 4 Gavetas com Tampo e Rodap\u00e9 Ipanema CabeCasa MadeiraOriginals Branco#gsc.tab=0&amp;gsc.q=Balc\u00e3o Pia 2 Portas 4 Gavetas com Tampo e Rodap\u00e9 Ipanema CabeCasa MadeiraOriginals Branco&amp;gsc.page=1\" target=\"_blank\" rel=\"noopener\">Balc\u00e3o Pia 2 Portas 4 Gavetas com Tampo e Rodap\u00e9 Ipanema CabeCasa MadeiraOriginals Branco, clique e continue <strong>pesquisando&#8230;<\/strong><\/a><\/p>\n<hr \/>\n","protected":false},"excerpt":{"rendered":"<p>R$ 2270.56 nas lojas <a href=\"https:\/\/www.awin1.com\/pclick.php?p=44999526564&#038;a=690303&#038;m=100453\" target=\"_blank\" rel=\"sponsored\">Casa Tema BR<\/a><\/p>\n","protected":false},"author":1,"featured_media":0,"comment_status":"closed","ping_status":"closed","sticky":false,"template":"","format":"standard","meta":{"footnotes":""},"categories":[4],"tags":[9631,7432],"class_list":["post-78985","post","type-post","status-publish","format-standard","hentry","category-produtos","tag-2270-56","tag-casa-tema-br"],"_links":{"self":[{"href":"https:\/\/ezu.com.br\/lojas\/wp-json\/wp\/v2\/posts\/78985","targetHints":{"allow":["GET"]}}],"collection":[{"href":"https:\/\/ezu.com.br\/lojas\/wp-json\/wp\/v2\/posts"}],"about":[{"href":"https:\/\/ezu.com.br\/lojas\/wp-json\/wp\/v2\/types\/post"}],"author":[{"embeddable":true,"href":"https:\/\/ezu.com.br\/lojas\/wp-json\/wp\/v2\/users\/1"}],"replies":[{"embeddable":true,"href":"https:\/\/ezu.com.br\/lojas\/wp-json\/wp\/v2\/comments?post=78985"}],"version-history":[{"count":0,"href":"https:\/\/ezu.com.br\/lojas\/wp-json\/wp\/v2\/posts\/78985\/revisions"}],"wp:attachment":[{"href":"https:\/\/ezu.com.br\/lojas\/wp-json\/wp\/v2\/media?parent=78985"}],"wp:term":[{"taxonomy":"category","embeddable":true,"href":"https:\/\/ezu.com.br\/lojas\/wp-json\/wp\/v2\/categories?post=78985"},{"taxonomy":"post_tag","embeddable":true,"href":"https:\/\/ezu.com.br\/lojas\/wp-json\/wp\/v2\/tags?post=78985"}],"curies":[{"name":"wp","href":"https:\/\/api.w.org\/{rel}","templated":true}]}}