{"id":78910,"date":"2026-05-09T02:16:55","date_gmt":"2026-05-09T02:16:55","guid":{"rendered":"https:\/\/ezu.com.br\/lojas\/2026\/05\/tampo-para-balcao-de-canto-obliquo-arizona-cabecasa-madeiraoriginals-lunar\/"},"modified":"2026-05-09T02:16:55","modified_gmt":"2026-05-09T02:16:55","slug":"tampo-para-balcao-de-canto-obliquo-arizona-cabecasa-madeiraoriginals-lunar","status":"publish","type":"post","link":"https:\/\/ezu.com.br\/lojas\/2026\/05\/tampo-para-balcao-de-canto-obliquo-arizona-cabecasa-madeiraoriginals-lunar\/","title":{"rendered":"Tampo para Balc\u00e3o de Canto Obl\u00edquo Arizona CabeCasa MadeiraOriginals Lunar"},"content":{"rendered":"<h2><\/h2>\n<h3>O pre\u00e7o de Tampo para Balc\u00e3o de Canto Obl\u00edquo Arizona CabeCasa MadeiraOriginals Lunar nas lojas online, no dia acima, era aproximadamente <strong>R$ BRL329.39<\/strong>. Para informa\u00e7\u00f5es atualizadas, acesse este produto em dezenas de lojas dos marketplaces do Sistema Magalu:<\/h3>\n<p><a href=\"https:\/\/www.magazinevoce.com.br\/magazineezu\/busca\/Tampo para Balc\u00e3o de Canto Obl\u00edquo Arizona CabeCasa MadeiraOriginals Lunar\/\" target=\"_blank\" rel=\"noopener\"><img decoding=\"async\" src=\"https:\/\/casatema.vteximg.com.br\/arquivos\/ids\/1426721_2\" alt=\"Tampo para Balc\u00e3o de Canto Obl\u00edquo Arizona CabeCasa MadeiraOriginals Lunar\" \/> &#8211; CLIQUE AQUI<\/a>.<br \/>\nTampo para Balc\u00e3o de Canto Obl\u00edquo Arizona CabeCasa MadeiraOriginals Lunar  .body-casatema-use-internal { font-family: Arial, sans-serif; line-height: 1.6; } .container-casatema-use-internal { width: 80%; margin: 0 auto; padding: 20px; } .hx-casatema-use-internal { color: #333; } .ul-casatema-use-internal { list-style-type: none; padding: 0; } .li-casatema-use-internal { background: #f4f4f4; margin: 5px 0; padding: 10px; border-radius: 5px; } .highlight-casatema-use-internal { font-weight: bold; } .image-container-casatema-use-internal, .img-casatema-use-internal { width: 100%; height: auto; } \/* CSS para os atributos *\/ .table-attr-casatema-use-internal { border-spacing: 0px; width: 100%; } .table-attr-casatema-use-internal tr:nth-child(even) { background: #ffffff; } .table-attr-casatema-use-internal tr:nth-child(odd) { background: #dfede9; } .td-left-attr-casatema-use-internal { padding: 10px; width: 30%; font-weight: bold; } .td-right-attr-casatema-use-internal { padding: 10px; width: 70%; } .div-left-attr-casatema-use-internal { width: 100%; } .div-right-attr-casatema-use-internal { width: 100%; } .div-group-attr-casatema-use-internal { padding-bottom: 10px; } @media (min-width: 1224px) { .div-left-attr-casatema-use-internal { width: 49%; float: left; } .div-right-attr-casatema-use-internal { width: 49%; float: right; } }     Tampo para Balc\u00e3o de Canto Obl\u00edquo Arizona CabeCasa MadeiraOriginals Lunar. O Tampo Arizona CabeCasa MadeiraMadeira, \u00e9 fabricado em MDP, com acabamento em BP e revestido com fita de borda em todos os lados. Ele \u00e9 ideal para ser utilizado no Balc\u00e3o de Canto Obl\u00edquo Arizona CabeCasa MadeiraMadeira.   Atributos em an\u00e1liseTonalidadeCinzaDocumentos AdicionaisManual de MontagemClique aqui para acessarGarantiaGarantia24 MesesItens InclusosItens Inclusos1 TampoMateriais e AcabamentosAcabamentoBPEscala de BrilhoFoscoMaterial PrincipalMDPMontagemNecessita MontagemN\u00e3oRecomenda\u00e7\u00f5es de Uso, Manuten\u00e7\u00e3o e LimpezaPano limpo e macio, isento de impurezas, seco ou levemente umedecido com \u00e1gua e sab\u00e3o neutro, bem torcido at\u00e9 que n\u00e3o saia gotas de \u00e1gua. N\u00e3o devem ser utilizados abrasivos como palha de a\u00e7o e objetos cortantes. Para remo\u00e7\u00e3o de manchas, utilizar pano levemente umedecido com solu\u00e7\u00e3o de \u00e1lcool e \u00e1gua em partes iguais. Fonte: Associa\u00e7\u00e3o Brasileira da Ind\u00fastria de Pain\u00e9is de Madeira &#8211; ABIPAPesos e Dimens\u00f5esEspessura (mm)25.0Largura (cm)80.0Peso (kg)12.7Profundidade (cm)80.0Caracter\u00edsticasCorLunarCor PredominanteCinzaCor do ProdutoLunarFabrica\u00e7\u00e3o Pr\u00f3priaSimFormatoHexagonalLinha ou Cole\u00e7\u00e3oArizonaMarcaCabeCasa MadeiraMadeiraModularSimOrigem do ProdutoNacionalPossui Recorte para CooktopN\u00e3oQuantidade de GavetasN\u00e3o PossuiSuporta At\u00e9 (kg)25.0Outras caracter\u00edsticasAmbiente PrincipalCozinha<\/p>\n<p>345270610734255216077034432552166107<\/p>\n<hr \/>\n<p>Ainda n\u00e3o encontrou a melhor op\u00e7\u00e3o de compra? Oferecemos mais uma possibilidade de <strong>busca<\/strong> mais ampla para <a href=\"https:\/\/ecompare.com.br\/lojas\/resultados-da-pesquisa\/?q=Tampo para Balc\u00e3o de Canto Obl\u00edquo Arizona CabeCasa MadeiraOriginals Lunar#gsc.tab=0&amp;gsc.q=Tampo para Balc\u00e3o de Canto Obl\u00edquo Arizona CabeCasa MadeiraOriginals Lunar&amp;gsc.page=1\" target=\"_blank\" rel=\"noopener\">Tampo para Balc\u00e3o de Canto Obl\u00edquo Arizona CabeCasa MadeiraOriginals Lunar, clique e continue <strong>pesquisando&#8230;<\/strong><\/a><\/p>\n<hr \/>\n","protected":false},"excerpt":{"rendered":"<p>R$ 329.39 nas lojas <a href=\"https:\/\/www.awin1.com\/pclick.php?p=44999526489&#038;a=690303&#038;m=100453\" target=\"_blank\" rel=\"sponsored\">Casa Tema BR<\/a><\/p>\n","protected":false},"author":1,"featured_media":0,"comment_status":"closed","ping_status":"closed","sticky":false,"template":"","format":"standard","meta":{"footnotes":""},"categories":[4],"tags":[7819,7432],"class_list":["post-78910","post","type-post","status-publish","format-standard","hentry","category-produtos","tag-329-39","tag-casa-tema-br"],"_links":{"self":[{"href":"https:\/\/ezu.com.br\/lojas\/wp-json\/wp\/v2\/posts\/78910","targetHints":{"allow":["GET"]}}],"collection":[{"href":"https:\/\/ezu.com.br\/lojas\/wp-json\/wp\/v2\/posts"}],"about":[{"href":"https:\/\/ezu.com.br\/lojas\/wp-json\/wp\/v2\/types\/post"}],"author":[{"embeddable":true,"href":"https:\/\/ezu.com.br\/lojas\/wp-json\/wp\/v2\/users\/1"}],"replies":[{"embeddable":true,"href":"https:\/\/ezu.com.br\/lojas\/wp-json\/wp\/v2\/comments?post=78910"}],"version-history":[{"count":0,"href":"https:\/\/ezu.com.br\/lojas\/wp-json\/wp\/v2\/posts\/78910\/revisions"}],"wp:attachment":[{"href":"https:\/\/ezu.com.br\/lojas\/wp-json\/wp\/v2\/media?parent=78910"}],"wp:term":[{"taxonomy":"category","embeddable":true,"href":"https:\/\/ezu.com.br\/lojas\/wp-json\/wp\/v2\/categories?post=78910"},{"taxonomy":"post_tag","embeddable":true,"href":"https:\/\/ezu.com.br\/lojas\/wp-json\/wp\/v2\/tags?post=78910"}],"curies":[{"name":"wp","href":"https:\/\/api.w.org\/{rel}","templated":true}]}}