{"id":78868,"date":"2026-06-26T21:17:20","date_gmt":"2026-06-26T21:17:20","guid":{"rendered":"https:\/\/ezu.com.br\/lojas\/2026\/06\/cozinha-modulada-4-pecas-com-2-aereos-e-2-balcoes-arizona-cabecasa-madeiraoriginals-verde-menta\/"},"modified":"2026-06-26T21:17:20","modified_gmt":"2026-06-26T21:17:20","slug":"cozinha-modulada-4-pecas-com-2-aereos-e-2-balcoes-arizona-cabecasa-madeiraoriginals-verde-menta","status":"publish","type":"post","link":"https:\/\/ezu.com.br\/lojas\/2026\/06\/cozinha-modulada-4-pecas-com-2-aereos-e-2-balcoes-arizona-cabecasa-madeiraoriginals-verde-menta\/","title":{"rendered":"Cozinha Modulada 4 Pe\u00e7as com 2 A\u00e9reos e 2 Balc\u00f5es Arizona CabeCasa MadeiraOriginals Verde Menta"},"content":{"rendered":"<h2><\/h2>\n<h3>O pre\u00e7o de Cozinha Modulada 4 Pe\u00e7as com 2 A\u00e9reos e 2 Balc\u00f5es Arizona CabeCasa MadeiraOriginals Verde Menta nas lojas online, no dia acima, era aproximadamente <strong>R$ BRL5488.26<\/strong>. Para informa\u00e7\u00f5es atualizadas, acesse este produto em dezenas de lojas dos marketplaces do Sistema Magalu:<\/h3>\n<p><a href=\"https:\/\/www.magazinevoce.com.br\/magazineezu\/busca\/Cozinha Modulada 4 Pe\u00e7as com 2 A\u00e9reos e 2 Balc\u00f5es Arizona CabeCasa MadeiraOriginals Verde Menta\/\" target=\"_blank\" rel=\"noopener\"><img decoding=\"async\" src=\"https:\/\/casatema.vteximg.com.br\/arquivos\/ids\/1426170_2\" alt=\"Cozinha Modulada 4 Pe\u00e7as com 2 A\u00e9reos e 2 Balc\u00f5es Arizona CabeCasa MadeiraOriginals Verde Menta\" \/> &#8211; CLIQUE AQUI<\/a>.<br \/>\nCozinha Modulada 4 Pe\u00e7as com 2 A\u00e9reos e 2 Balc\u00f5es Arizona CabeCasa MadeiraOriginals Verde Menta  .body-casatema-use-internal { font-family: Arial, sans-serif; line-height: 1.6; } .container-casatema-use-internal { width: 80%; margin: 0 auto; padding: 20px; } .hx-casatema-use-internal { color: #333; } .ul-casatema-use-internal { list-style-type: none; padding: 0; } .li-casatema-use-internal { background: #f4f4f4; margin: 5px 0; padding: 10px; border-radius: 5px; } .highlight-casatema-use-internal { font-weight: bold; } .image-container-casatema-use-internal, .img-casatema-use-internal { width: 100%; height: auto; } \/* CSS para os atributos *\/ .table-attr-casatema-use-internal { border-spacing: 0px; width: 100%; } .table-attr-casatema-use-internal tr:nth-child(even) { background: #ffffff; } .table-attr-casatema-use-internal tr:nth-child(odd) { background: #dfede9; } .td-left-attr-casatema-use-internal { padding: 10px; width: 30%; font-weight: bold; } .td-right-attr-casatema-use-internal { padding: 10px; width: 70%; } .div-left-attr-casatema-use-internal { width: 100%; } .div-right-attr-casatema-use-internal { width: 100%; } .div-group-attr-casatema-use-internal { padding-bottom: 10px; } @media (min-width: 1224px) { .div-left-attr-casatema-use-internal { width: 49%; float: left; } .div-right-attr-casatema-use-internal { width: 49%; float: right; } }     Cozinha Modulada 4 Pe\u00e7as com 2 A\u00e9reos e 2 Balc\u00f5es Arizona CabeCasa MadeiraOriginals Verde Menta. A Cozinha Modulada Arizona \u00e9 indicada para quem tem pouco espa\u00e7o e est\u00e1 buscando um m\u00f3vel compacto, bonito e funcional. Possui portas com molduras, dobradi\u00e7as com amortecimento e gavetas com corredi\u00e7as telesc\u00f3picas. Para seguran\u00e7a, produto utiliza kit anti tombamento, sendo necess\u00e1rio parafusar \u00e0 parede.   Caracter\u00edsticasAmbiente PrincipalCozinhaCorVerde MentaCor PredominanteVerdeCor do ProdutoVerde MentaFabrica\u00e7\u00e3o Pr\u00f3priaSimLinha ou Cole\u00e7\u00e3oArizonaMarcaCabeCasa MadeiraMadeiraModularSimOrigem do ProdutoNacionalPossui GavetasSimPossui PortasSimPossui P\u00e9sSimQuantidade do Produto4Tipo de Arm\u00e1rio de CozinhaCozinha CompactaTipo de Puxador da PortaExternoOutras caracter\u00edsticasAmbientenullGarantiaGarantia24 MesesMateriais e AcabamentosAcabamentoFinish FoilAcabamento da PortaFinish FoilMaterial PrincipalMDPMaterial da Corredi\u00e7aMet\u00e1licaMaterial da Dobradi\u00e7a\/Corredi\u00e7a da PortaMet\u00e1licaMaterial da PortaMDFMaterial do Puxador da GavetaPl\u00e1sticoMaterial do Puxador da PortaPl\u00e1sticoMaterial dos P\u00e9sPVCTipo de Corredi\u00e7a da GavetaMet\u00e1lica Telesc\u00f3picaTipo de Dobradi\u00e7a\/Corredi\u00e7a da PortaSoft CloseMontagemComplexidade da MontagemM\u00e9dia: pode ser montado por mais de uma pessoa e\/ou necessite de maior conhecimento para montagemNecessita MontagemSimSistema de MontagemParafusos, Cavilhas e Minifix<\/p>\n<p>345270610734255216077034432552166107<\/p>\n<hr \/>\n<p>Ainda n\u00e3o encontrou a melhor op\u00e7\u00e3o de compra? Oferecemos mais uma possibilidade de <strong>busca<\/strong> mais ampla para <a href=\"https:\/\/ecompare.com.br\/lojas\/resultados-da-pesquisa\/?q=Cozinha Modulada 4 Pe\u00e7as com 2 A\u00e9reos e 2 Balc\u00f5es Arizona CabeCasa MadeiraOriginals Verde Menta#gsc.tab=0&amp;gsc.q=Cozinha Modulada 4 Pe\u00e7as com 2 A\u00e9reos e 2 Balc\u00f5es Arizona CabeCasa MadeiraOriginals Verde Menta&amp;gsc.page=1\" target=\"_blank\" rel=\"noopener\">Cozinha Modulada 4 Pe\u00e7as com 2 A\u00e9reos e 2 Balc\u00f5es Arizona CabeCasa MadeiraOriginals Verde Menta, clique e continue <strong>pesquisando&#8230;<\/strong><\/a><\/p>\n<hr \/>\n","protected":false},"excerpt":{"rendered":"<p>R$ 5488.26 nas lojas <a href=\"https:\/\/www.awin1.com\/pclick.php?p=44999526447&#038;a=690303&#038;m=100453\" target=\"_blank\" rel=\"sponsored\">Casa Tema BR<\/a><\/p>\n","protected":false},"author":1,"featured_media":0,"comment_status":"closed","ping_status":"closed","sticky":false,"template":"","format":"standard","meta":{"footnotes":""},"categories":[4],"tags":[9476,7432],"class_list":["post-78868","post","type-post","status-publish","format-standard","hentry","category-produtos","tag-5488-26","tag-casa-tema-br"],"_links":{"self":[{"href":"https:\/\/ezu.com.br\/lojas\/wp-json\/wp\/v2\/posts\/78868","targetHints":{"allow":["GET"]}}],"collection":[{"href":"https:\/\/ezu.com.br\/lojas\/wp-json\/wp\/v2\/posts"}],"about":[{"href":"https:\/\/ezu.com.br\/lojas\/wp-json\/wp\/v2\/types\/post"}],"author":[{"embeddable":true,"href":"https:\/\/ezu.com.br\/lojas\/wp-json\/wp\/v2\/users\/1"}],"replies":[{"embeddable":true,"href":"https:\/\/ezu.com.br\/lojas\/wp-json\/wp\/v2\/comments?post=78868"}],"version-history":[{"count":0,"href":"https:\/\/ezu.com.br\/lojas\/wp-json\/wp\/v2\/posts\/78868\/revisions"}],"wp:attachment":[{"href":"https:\/\/ezu.com.br\/lojas\/wp-json\/wp\/v2\/media?parent=78868"}],"wp:term":[{"taxonomy":"category","embeddable":true,"href":"https:\/\/ezu.com.br\/lojas\/wp-json\/wp\/v2\/categories?post=78868"},{"taxonomy":"post_tag","embeddable":true,"href":"https:\/\/ezu.com.br\/lojas\/wp-json\/wp\/v2\/tags?post=78868"}],"curies":[{"name":"wp","href":"https:\/\/api.w.org\/{rel}","templated":true}]}}