{"id":78797,"date":"2026-05-03T15:05:45","date_gmt":"2026-05-03T15:05:45","guid":{"rendered":"https:\/\/ezu.com.br\/lojas\/2026\/05\/aparador-2-gavetas-madeira-macica-seiva-cabecasa-madeiraoriginals-amendoa\/"},"modified":"2026-05-03T15:05:45","modified_gmt":"2026-05-03T15:05:45","slug":"aparador-2-gavetas-madeira-macica-seiva-cabecasa-madeiraoriginals-amendoa","status":"publish","type":"post","link":"https:\/\/ezu.com.br\/lojas\/2026\/05\/aparador-2-gavetas-madeira-macica-seiva-cabecasa-madeiraoriginals-amendoa\/","title":{"rendered":"Aparador 2 Gavetas Madeira Maci\u00e7a Seiva CabeCasa MadeiraOriginals Amendoa"},"content":{"rendered":"<h2><\/h2>\n<h3>O pre\u00e7o de Aparador 2 Gavetas Madeira Maci\u00e7a Seiva CabeCasa MadeiraOriginals Amendoa nas lojas online, no dia acima, era aproximadamente <strong>R$ BRL1049.85<\/strong>. Para informa\u00e7\u00f5es atualizadas, acesse este produto em dezenas de lojas dos marketplaces do Sistema Magalu:<\/h3>\n<p><a href=\"https:\/\/www.magazinevoce.com.br\/magazineezu\/busca\/Aparador 2 Gavetas Madeira Maci\u00e7a Seiva CabeCasa MadeiraOriginals Amendoa\/\" target=\"_blank\" rel=\"noopener\"><img decoding=\"async\" src=\"https:\/\/casatema.vteximg.com.br\/arquivos\/ids\/1425213_2\" alt=\"Aparador 2 Gavetas Madeira Maci\u00e7a Seiva CabeCasa MadeiraOriginals Amendoa\" \/> &#8211; CLIQUE AQUI<\/a>.<br \/>\nAparador 2 Gavetas Madeira Maci\u00e7a Seiva CabeCasa MadeiraOriginals Amendoa  .body-casatema-use-internal { font-family: Arial, sans-serif; line-height: 1.6; } .container-casatema-use-internal { width: 80%; margin: 0 auto; padding: 20px; } .hx-casatema-use-internal { color: #333; } .ul-casatema-use-internal { list-style-type: none; padding: 0; } .li-casatema-use-internal { background: #f4f4f4; margin: 5px 0; padding: 10px; border-radius: 5px; } .highlight-casatema-use-internal { font-weight: bold; } .image-container-casatema-use-internal, .img-casatema-use-internal { width: 100%; height: auto; } \/* CSS para os atributos *\/ .table-attr-casatema-use-internal { border-spacing: 0px; width: 100%; } .table-attr-casatema-use-internal tr:nth-child(even) { background: #ffffff; } .table-attr-casatema-use-internal tr:nth-child(odd) { background: #dfede9; } .td-left-attr-casatema-use-internal { padding: 10px; width: 30%; font-weight: bold; } .td-right-attr-casatema-use-internal { padding: 10px; width: 70%; } .div-left-attr-casatema-use-internal { width: 100%; } .div-right-attr-casatema-use-internal { width: 100%; } .div-group-attr-casatema-use-internal { padding-bottom: 10px; } @media (min-width: 1224px) { .div-left-attr-casatema-use-internal { width: 49%; float: left; } .div-right-attr-casatema-use-internal { width: 49%; float: right; } }     Aparador 2 Gavetas Madeira Maci\u00e7a Seiva CabeCasa MadeiraOriginals Amendoa. O Aparador Seiva \u00e9 uma pe\u00e7a que transcende simples funcionalidade, tornando-se um verdadeiro s\u00edmbolo de eleg\u00e2ncia e sofistica\u00e7\u00e3o. Seu design contempor\u00e2neo, caracterizado por linhas retas e encaixes marcantes, cativa instantaneamente, enquanto sua estrutura leve e fluida cria uma sensa\u00e7\u00e3o de movimento e leveza no ambiente. Feito com madeira maci\u00e7a de reflorestamento e tingido com verniz, este aparador n\u00e3o apenas oferece uma est\u00e9tica impec\u00e1vel, mas tamb\u00e9m garante durabilidade e resist\u00eancia ao longo do tempo. Com uma bancada ampla e duas gavetas espa\u00e7osas, proporciona o equil\u00edbrio perfeito entre estilo e praticidade, permitindo a exibi\u00e7\u00e3o elegante de utens\u00edlios e decora\u00e7\u00f5es, enquanto mant\u00e9m o espa\u00e7o organizado e livre de desordem. Em suma, o Aparador Seiva \u00e9 mais do que um simples m\u00f3vel; \u00e9 uma express\u00e3o de bom gosto, refinamento e cuidado com os detalhes, perfeito para elevar qualquer ambiente \u00e0 excel\u00eancia. Transforme seu espa\u00e7o em um ref\u00fagio de eleg\u00e2ncia com o Aparador Seiva &#8211; a fus\u00e3o perfeita entre estilo e funcionalidade.   Atributos em an\u00e1liseTonalidadeMarrom Fuligem FoscoDocumentos AdicionaisManual de MontagemClique aqui para acessarGarantiaGarantia24 MesesItens InclusosItens Inclusos1 Aparador, Kit Ferragens e Manual de MontagemMateriais e AcabamentosAcabamentoPintura UVAcabamento da GavetaPintura UVAcabamento dos P\u00e9sPUEscala de BrilhoFoscoEscala de Brilho da GavetaFoscoMaterial PrincipalMadeira Maci\u00e7aMaterial da GavetaMadeira Maci\u00e7aMaterial dos P\u00e9sMadeira Maci\u00e7aTipo de Corredi\u00e7a da GavetaMadeiraMontagemComplexidade da MontagemBaixa: pode ser montado por uma pessoa sozinhaNecessita MontagemSimRecomenda\u00e7\u00f5es de Uso, Manuten\u00e7\u00e3o e LimpezaPano levemente umedecido. N\u00e3o utilizar materiais abrasivos.Sistema de MontagemCavilha, parafuso, feltro, chave e prego.Outras caracter\u00edsticasPossui PrateleirasN\u00e3oPesos e Dimens\u00f5esAltura (cm)80.0Altura dos P\u00e9s54.7Largura (cm)140.0Peso (kg)19.1Profundidade (cm)40.0Caracter\u00edsticasAmbiente PrincipalSala de EstarBandejaN\u00e3oCor InternaAm\u00eandoaCor PredominanteMarromCor do ProdutoAm\u00eandoaEstiloModernoFabrica\u00e7\u00e3o Pr\u00f3priaSimGaveta com ChaveN\u00e3oInforma\u00e7\u00f5es Complementares (Novo)Dimens\u00f5es Internas da Gaveta (LxPxA): 60,1 cm x 27,2 cm x 6,9 cmLinha ou Cole\u00e7\u00e3oSeivaMarcaCabeCasa MadeiraMadeiraOrigem do ProdutoNacionalPeso M\u00e1ximo por Gaveta5.0Possui AdegaN\u00e3oPossui EspelhosN\u00e3oPossui GavetasSimPossui PortasN\u00e3oPossui PrateleirasN\u00e3oPossui P\u00e9sSimPossui Rod\u00edzioN\u00e3oPossui VidroN\u00e3oP\u00e9s Regul\u00e1veisN\u00e3oQuantidade de Gavetas02 GavetasQuantidade de PortasN\u00e3o PossuiQuantidade de PrateleirasN\u00e3o PossuiSapatas NiveladorasN\u00e3oSuporta At\u00e9 (kg)25.0Tipo de Puxador da GavetaEmbutido<\/p>\n<p>345270610734255216077034432552166107<\/p>\n<hr \/>\n<p>Ainda n\u00e3o encontrou a melhor op\u00e7\u00e3o de compra? Oferecemos mais uma possibilidade de <strong>busca<\/strong> mais ampla para <a href=\"https:\/\/ecompare.com.br\/lojas\/resultados-da-pesquisa\/?q=Aparador 2 Gavetas Madeira Maci\u00e7a Seiva CabeCasa MadeiraOriginals Amendoa#gsc.tab=0&amp;gsc.q=Aparador 2 Gavetas Madeira Maci\u00e7a Seiva CabeCasa MadeiraOriginals Amendoa&amp;gsc.page=1\" target=\"_blank\" rel=\"noopener\">Aparador 2 Gavetas Madeira Maci\u00e7a Seiva CabeCasa MadeiraOriginals Amendoa, clique e continue <strong>pesquisando&#8230;<\/strong><\/a><\/p>\n<hr \/>\n","protected":false},"excerpt":{"rendered":"<p>R$ 1049.85 nas lojas <a href=\"https:\/\/www.awin1.com\/pclick.php?p=44999526376&#038;a=690303&#038;m=100453\" target=\"_blank\" rel=\"sponsored\">Casa Tema BR<\/a><\/p>\n","protected":false},"author":1,"featured_media":0,"comment_status":"closed","ping_status":"closed","sticky":false,"template":"","format":"standard","meta":{"footnotes":""},"categories":[4],"tags":[9504,7432],"class_list":["post-78797","post","type-post","status-publish","format-standard","hentry","category-produtos","tag-1049-85","tag-casa-tema-br"],"_links":{"self":[{"href":"https:\/\/ezu.com.br\/lojas\/wp-json\/wp\/v2\/posts\/78797","targetHints":{"allow":["GET"]}}],"collection":[{"href":"https:\/\/ezu.com.br\/lojas\/wp-json\/wp\/v2\/posts"}],"about":[{"href":"https:\/\/ezu.com.br\/lojas\/wp-json\/wp\/v2\/types\/post"}],"author":[{"embeddable":true,"href":"https:\/\/ezu.com.br\/lojas\/wp-json\/wp\/v2\/users\/1"}],"replies":[{"embeddable":true,"href":"https:\/\/ezu.com.br\/lojas\/wp-json\/wp\/v2\/comments?post=78797"}],"version-history":[{"count":0,"href":"https:\/\/ezu.com.br\/lojas\/wp-json\/wp\/v2\/posts\/78797\/revisions"}],"wp:attachment":[{"href":"https:\/\/ezu.com.br\/lojas\/wp-json\/wp\/v2\/media?parent=78797"}],"wp:term":[{"taxonomy":"category","embeddable":true,"href":"https:\/\/ezu.com.br\/lojas\/wp-json\/wp\/v2\/categories?post=78797"},{"taxonomy":"post_tag","embeddable":true,"href":"https:\/\/ezu.com.br\/lojas\/wp-json\/wp\/v2\/tags?post=78797"}],"curies":[{"name":"wp","href":"https:\/\/api.w.org\/{rel}","templated":true}]}}