{"id":78697,"date":"2026-06-21T02:55:29","date_gmt":"2026-06-21T02:55:29","guid":{"rendered":"https:\/\/ezu.com.br\/lojas\/2026\/06\/mesa-de-jantar-135x90cm-estilo-industrial-concept-cabecasa-madeiraoriginals-ameixa-negra-preto\/"},"modified":"2026-06-21T02:55:29","modified_gmt":"2026-06-21T02:55:29","slug":"mesa-de-jantar-135x90cm-estilo-industrial-concept-cabecasa-madeiraoriginals-ameixa-negra-preto","status":"publish","type":"post","link":"https:\/\/ezu.com.br\/lojas\/2026\/06\/mesa-de-jantar-135x90cm-estilo-industrial-concept-cabecasa-madeiraoriginals-ameixa-negra-preto\/","title":{"rendered":"Mesa de Jantar 135x90cm Estilo Industrial Concept CabeCasa MadeiraOriginals Ameixa Negra\/Preto"},"content":{"rendered":"<h2><\/h2>\n<h3>O pre\u00e7o de Mesa de Jantar 135x90cm Estilo Industrial Concept CabeCasa MadeiraOriginals Ameixa Negra\/Preto nas lojas online, no dia acima, era aproximadamente <strong>R$ BRL1245.64<\/strong>. Para informa\u00e7\u00f5es atualizadas, acesse este produto em dezenas de lojas dos marketplaces do Sistema Magalu:<\/h3>\n<p><a href=\"https:\/\/www.magazinevoce.com.br\/magazineezu\/busca\/Mesa de Jantar 135x90cm Estilo Industrial Concept CabeCasa MadeiraOriginals Ameixa Negra\/Preto\/\" target=\"_blank\" rel=\"noopener\"><img decoding=\"async\" src=\"https:\/\/casatema.vteximg.com.br\/arquivos\/ids\/1424063_2\" alt=\"Mesa de Jantar 135x90cm Estilo Industrial Concept CabeCasa MadeiraOriginals Ameixa Negra\/Preto\" \/> &#8211; CLIQUE AQUI<\/a>.<br \/>\nMesa de Jantar 135x90cm Estilo Industrial Concept CabeCasa MadeiraOriginals Ameixa Negra\/Preto  .body-casatema-use-internal { font-family: Arial, sans-serif; line-height: 1.6; } .container-casatema-use-internal { width: 80%; margin: 0 auto; padding: 20px; } .hx-casatema-use-internal { color: #333; } .ul-casatema-use-internal { list-style-type: none; padding: 0; } .li-casatema-use-internal { background: #f4f4f4; margin: 5px 0; padding: 10px; border-radius: 5px; } .highlight-casatema-use-internal { font-weight: bold; } .image-container-casatema-use-internal, .img-casatema-use-internal { width: 100%; height: auto; } \/* CSS para os atributos *\/ .table-attr-casatema-use-internal { border-spacing: 0px; width: 100%; } .table-attr-casatema-use-internal tr:nth-child(even) { background: #ffffff; } .table-attr-casatema-use-internal tr:nth-child(odd) { background: #dfede9; } .td-left-attr-casatema-use-internal { padding: 10px; width: 30%; font-weight: bold; } .td-right-attr-casatema-use-internal { padding: 10px; width: 70%; } .div-left-attr-casatema-use-internal { width: 100%; } .div-right-attr-casatema-use-internal { width: 100%; } .div-group-attr-casatema-use-internal { padding-bottom: 10px; } @media (min-width: 1224px) { .div-left-attr-casatema-use-internal { width: 49%; float: left; } .div-right-attr-casatema-use-internal { width: 49%; float: right; } }     Mesa de Jantar 135x90cm Estilo Industrial Concept CabeCasa MadeiraOriginals Ameixa Negra\/Preto. A Mesa de Jantar Estilo Industrial Concept MadeiraMadeira, veio para trazer estilo para a sua casa. Uma linha de m\u00f3veis com um design conceitual e cores neutras, trazendo conforto para o seu lar. Com estrutura em a\u00e7o, tampo MDP, esse m\u00f3vel est\u00e1 atrelado a muita resist\u00eancia e durabilidade. Depois conta para a gente como foi sua experi\u00eancia com o produto nos coment\u00e1rios.   Caracter\u00edsticasAmbiente PrincipalSala de JantarCorAmeixa Negra\/PretoCor PredominanteMarromDobr\u00e1velN\u00e3oEstiloIndustrialExtens\u00edvelN\u00e3oFabrica\u00e7\u00e3o Pr\u00f3priaSimFormatoRetangularInforma\u00e7\u00f5es Complementares (Novo)Possui sapata niveladoraLinha ou Cole\u00e7\u00e3oConceptMarcaCabeCasa MadeiraMadeiraMedida do Tampo (L x C x E)135cm x 90cm x 3cmOrigem do ProdutoNacionalPossui Rod\u00edzioN\u00e3oPossui VidroN\u00e3oQuantidade de Lugares4Suporta At\u00e9 (kg)50.0Documentos AdicionaisManual de MontagemClique aqui para acessarGarantiaGarantia24 MesesItens InclusosItens Inclusos1 Mesa de jantar, manual de montagem e kit ferragensMateriais e AcabamentosAcabamentoBPAcabamento do TampoBPEscala de BrilhoFoscoMaterial PrincipalA\u00e7oMaterial do TampoMDPMontagemComplexidade da MontagemM\u00e9dia: pode ser montado por mais de uma pessoa e\/ou necessite de maior conhecimento para montagemNecessita MontagemSimRecomenda\u00e7\u00f5es de Uso, Manuten\u00e7\u00e3o e LimpezaPara a limpeza, utilize flanela seca ou pano macio levemente umedecido em \u00e1gua. Utilize um pano seco em seguida. Evite contato com produtos qu\u00edmicos (solventes, thinner, acetona, etc) e n\u00e3o utilize nenhum tipo de esponja de a\u00e7o.Sistema de MontagemBucha, Parafuso, P\u00e9 Nivelador, P\u00e9 TubularPesos e Dimens\u00f5esAltura (cm)77.0Largura (cm)135.0Medida da Base (A x L x P)74 x 90 x 135cmPeso (kg)36.5Profundidade (cm)90.0<\/p>\n<p>345270610734255216077034432552166107<\/p>\n<hr \/>\n<p>Ainda n\u00e3o encontrou a melhor op\u00e7\u00e3o de compra? Oferecemos mais uma possibilidade de <strong>busca<\/strong> mais ampla para <a href=\"https:\/\/ecompare.com.br\/lojas\/resultados-da-pesquisa\/?q=Mesa de Jantar 135x90cm Estilo Industrial Concept CabeCasa MadeiraOriginals Ameixa Negra\/Preto#gsc.tab=0&amp;gsc.q=Mesa de Jantar 135x90cm Estilo Industrial Concept CabeCasa MadeiraOriginals Ameixa Negra\/Preto&amp;gsc.page=1\" target=\"_blank\" rel=\"noopener\">Mesa de Jantar 135x90cm Estilo Industrial Concept CabeCasa MadeiraOriginals Ameixa Negra\/Preto, clique e continue <strong>pesquisando&#8230;<\/strong><\/a><\/p>\n<hr \/>\n","protected":false},"excerpt":{"rendered":"<p>R$ 1245.64 nas lojas <a href=\"https:\/\/www.awin1.com\/pclick.php?p=44999526276&#038;a=690303&#038;m=100453\" target=\"_blank\" rel=\"sponsored\">Casa Tema BR<\/a><\/p>\n","protected":false},"author":1,"featured_media":0,"comment_status":"closed","ping_status":"closed","sticky":false,"template":"","format":"standard","meta":{"footnotes":""},"categories":[4],"tags":[9449,7432],"class_list":["post-78697","post","type-post","status-publish","format-standard","hentry","category-produtos","tag-1245-64","tag-casa-tema-br"],"_links":{"self":[{"href":"https:\/\/ezu.com.br\/lojas\/wp-json\/wp\/v2\/posts\/78697","targetHints":{"allow":["GET"]}}],"collection":[{"href":"https:\/\/ezu.com.br\/lojas\/wp-json\/wp\/v2\/posts"}],"about":[{"href":"https:\/\/ezu.com.br\/lojas\/wp-json\/wp\/v2\/types\/post"}],"author":[{"embeddable":true,"href":"https:\/\/ezu.com.br\/lojas\/wp-json\/wp\/v2\/users\/1"}],"replies":[{"embeddable":true,"href":"https:\/\/ezu.com.br\/lojas\/wp-json\/wp\/v2\/comments?post=78697"}],"version-history":[{"count":0,"href":"https:\/\/ezu.com.br\/lojas\/wp-json\/wp\/v2\/posts\/78697\/revisions"}],"wp:attachment":[{"href":"https:\/\/ezu.com.br\/lojas\/wp-json\/wp\/v2\/media?parent=78697"}],"wp:term":[{"taxonomy":"category","embeddable":true,"href":"https:\/\/ezu.com.br\/lojas\/wp-json\/wp\/v2\/categories?post=78697"},{"taxonomy":"post_tag","embeddable":true,"href":"https:\/\/ezu.com.br\/lojas\/wp-json\/wp\/v2\/tags?post=78697"}],"curies":[{"name":"wp","href":"https:\/\/api.w.org\/{rel}","templated":true}]}}