{"id":78513,"date":"2026-06-11T07:17:18","date_gmt":"2026-06-11T07:17:18","guid":{"rendered":"https:\/\/ezu.com.br\/lojas\/2026\/06\/nicho-organizador-para-sala-de-estar-branco-branco\/"},"modified":"2026-06-11T07:17:18","modified_gmt":"2026-06-11T07:17:18","slug":"nicho-organizador-para-sala-de-estar-branco-branco","status":"publish","type":"post","link":"https:\/\/ezu.com.br\/lojas\/2026\/06\/nicho-organizador-para-sala-de-estar-branco-branco\/","title":{"rendered":"Nicho Organizador para Sala de Estar Branco Branco"},"content":{"rendered":"<h2><\/h2>\n<h3>O pre\u00e7o de Nicho Organizador para Sala de Estar Branco Branco nas lojas online, no dia acima, era aproximadamente <strong>R$ BRL288.87<\/strong>. Para informa\u00e7\u00f5es atualizadas, acesse este produto em dezenas de lojas dos marketplaces do Sistema Magalu:<\/h3>\n<p><a href=\"https:\/\/www.magazinevoce.com.br\/magazineezu\/busca\/Nicho Organizador para Sala de Estar Branco Branco\/\" target=\"_blank\" rel=\"noopener\"><img decoding=\"async\" src=\"https:\/\/casatema.vteximg.com.br\/arquivos\/ids\/1422145_2\" alt=\"Nicho Organizador para Sala de Estar Branco Branco\" \/> &#8211; CLIQUE AQUI<\/a>.<br \/>\nNicho Organizador para Sala de Estar Branco Branco  .body-casatema-use-internal { font-family: Arial, sans-serif; line-height: 1.6; } .container-casatema-use-internal { width: 80%; margin: 0 auto; padding: 20px; } .hx-casatema-use-internal { color: #333; } .ul-casatema-use-internal { list-style-type: none; padding: 0; } .li-casatema-use-internal { background: #f4f4f4; margin: 5px 0; padding: 10px; border-radius: 5px; } .highlight-casatema-use-internal { font-weight: bold; } .image-container-casatema-use-internal, .img-casatema-use-internal { width: 100%; height: auto; } \/* CSS para os atributos *\/ .table-attr-casatema-use-internal { border-spacing: 0px; width: 100%; } .table-attr-casatema-use-internal tr:nth-child(even) { background: #ffffff; } .table-attr-casatema-use-internal tr:nth-child(odd) { background: #dfede9; } .td-left-attr-casatema-use-internal { padding: 10px; width: 30%; font-weight: bold; } .td-right-attr-casatema-use-internal { padding: 10px; width: 70%; } .div-left-attr-casatema-use-internal { width: 100%; } .div-right-attr-casatema-use-internal { width: 100%; } .div-group-attr-casatema-use-internal { padding-bottom: 10px; } @media (min-width: 1224px) { .div-left-attr-casatema-use-internal { width: 49%; float: left; } .div-right-attr-casatema-use-internal { width: 49%; float: right; } }     Nicho Organizador para Sala de Estar Branco Branco. O nicho possui 6 compartimentos, para acomodar livros, brinquedos e uma diversidade de objetos da crian\u00e7a. Otimiza espa\u00e7o e mant\u00e9m os ambientes organizados. Acompanha o kit de seguran\u00e7a com sistema antitombamento, proporcionando maior seguran\u00e7a e evitando acidentes. Obs: imagens meramente ilustrativas, decora\u00e7\u00e3o n\u00e3o acompanha o m\u00f3vel. Parafusos ficam a mostra, por seguran\u00e7a n\u00e3o foram utilizados tapa-furos. N\u00e3o realizamos a montagem.   Caracter\u00edsticasAmbiente PrincipalQuarto InfantilCor PredominanteBrancoCor do ProdutoBrancoLinha ou Cole\u00e7\u00e3oNichoMarcaMOVELBRASOrigem do ProdutoNacionalPeso M\u00e1ximo por Prateleira6.0Possui FundoN\u00e3oPossui Nichos6Possui PortasN\u00e3oPossui PrateleirasSimPossui ToalheiroN\u00e3oQuantidade de GavetasN\u00e3o PossuiQuantidade de Prateleiras06 PrateleirasSuporta At\u00e9 (kg)36.0Tipo de NichoPrateleiraPesos e Dimens\u00f5esAltura (cm)68.5Largura (cm)102.0Peso (kg)19.8Profundidade (cm)34.0Documentos AdicionaisManual de Montagem e Instala\u00e7\u00e3oClique aqui para acessarGarantiaGarantia03 MesesItens InclusosItens Inclusos1 Nicho, Kit Ferragens, Manual de MontagemMateriais e AcabamentosEscala de BrilhoFoscoMaterial PrincipalMDPMaterial da PrateleiraMDPMontagemComplexidade da MontagemBaixa: pode ser montado por uma pessoa sozinhaNecessita MontagemSimRecomenda\u00e7\u00f5es de Uso, Manuten\u00e7\u00e3o e LimpezaPano umedecido com \u00e1lcool 70%.Sistema de MontagemCavilha, parafusos, cantoneiras, sistema antitombamentoOutras caracter\u00edsticasPossui EspelhoN\u00e3o PossuiPossui Prateleiras6<\/p>\n<p>345270610734255216077034432552166107<\/p>\n<hr \/>\n<p>Ainda n\u00e3o encontrou a melhor op\u00e7\u00e3o de compra? Oferecemos mais uma possibilidade de <strong>busca<\/strong> mais ampla para <a href=\"https:\/\/ecompare.com.br\/lojas\/resultados-da-pesquisa\/?q=Nicho Organizador para Sala de Estar Branco Branco#gsc.tab=0&amp;gsc.q=Nicho Organizador para Sala de Estar Branco Branco&amp;gsc.page=1\" target=\"_blank\" rel=\"noopener\">Nicho Organizador para Sala de Estar Branco Branco, clique e continue <strong>pesquisando&#8230;<\/strong><\/a><\/p>\n<hr \/>\n","protected":false},"excerpt":{"rendered":"<p>R$ 288.87 nas lojas <a href=\"https:\/\/www.awin1.com\/pclick.php?p=44999525942&#038;a=690303&#038;m=100453\" target=\"_blank\" rel=\"sponsored\">Casa Tema BR<\/a><\/p>\n","protected":false},"author":1,"featured_media":0,"comment_status":"closed","ping_status":"closed","sticky":false,"template":"","format":"standard","meta":{"footnotes":""},"categories":[4],"tags":[7632,7432],"class_list":["post-78513","post","type-post","status-publish","format-standard","hentry","category-produtos","tag-288-87","tag-casa-tema-br"],"_links":{"self":[{"href":"https:\/\/ezu.com.br\/lojas\/wp-json\/wp\/v2\/posts\/78513","targetHints":{"allow":["GET"]}}],"collection":[{"href":"https:\/\/ezu.com.br\/lojas\/wp-json\/wp\/v2\/posts"}],"about":[{"href":"https:\/\/ezu.com.br\/lojas\/wp-json\/wp\/v2\/types\/post"}],"author":[{"embeddable":true,"href":"https:\/\/ezu.com.br\/lojas\/wp-json\/wp\/v2\/users\/1"}],"replies":[{"embeddable":true,"href":"https:\/\/ezu.com.br\/lojas\/wp-json\/wp\/v2\/comments?post=78513"}],"version-history":[{"count":0,"href":"https:\/\/ezu.com.br\/lojas\/wp-json\/wp\/v2\/posts\/78513\/revisions"}],"wp:attachment":[{"href":"https:\/\/ezu.com.br\/lojas\/wp-json\/wp\/v2\/media?parent=78513"}],"wp:term":[{"taxonomy":"category","embeddable":true,"href":"https:\/\/ezu.com.br\/lojas\/wp-json\/wp\/v2\/categories?post=78513"},{"taxonomy":"post_tag","embeddable":true,"href":"https:\/\/ezu.com.br\/lojas\/wp-json\/wp\/v2\/tags?post=78513"}],"curies":[{"name":"wp","href":"https:\/\/api.w.org\/{rel}","templated":true}]}}