{"id":78322,"date":"2026-05-30T08:51:35","date_gmt":"2026-05-30T08:51:35","guid":{"rendered":"https:\/\/ezu.com.br\/lojas\/2026\/05\/bicama-x-madeira-macica-mogno-mel\/"},"modified":"2026-05-30T08:51:35","modified_gmt":"2026-05-30T08:51:35","slug":"bicama-x-madeira-macica-mogno-mel","status":"publish","type":"post","link":"https:\/\/ezu.com.br\/lojas\/2026\/05\/bicama-x-madeira-macica-mogno-mel\/","title":{"rendered":"Bicama x madeira maci\u00e7a Mogno Mel"},"content":{"rendered":"<h2><\/h2>\n<h3>O pre\u00e7o de Bicama x madeira maci\u00e7a Mogno Mel nas lojas online, no dia acima, era aproximadamente <strong>R$ BRL2449.98<\/strong>. Para informa\u00e7\u00f5es atualizadas, acesse este produto em dezenas de lojas dos marketplaces do Sistema Magalu:<\/h3>\n<p><a href=\"https:\/\/www.magazinevoce.com.br\/magazineezu\/busca\/Bicama x madeira maci\u00e7a Mogno Mel\/\" target=\"_blank\" rel=\"noopener\"><img decoding=\"async\" src=\"https:\/\/casatema.vteximg.com.br\/arquivos\/ids\/1418713_2\" alt=\"Bicama x madeira maci\u00e7a Mogno Mel\" \/> &#8211; CLIQUE AQUI<\/a>.<br \/>\nBicama x madeira maci\u00e7a Mogno Mel  .body-casatema-use-internal { font-family: Arial, sans-serif; line-height: 1.6; } .container-casatema-use-internal { width: 80%; margin: 0 auto; padding: 20px; } .hx-casatema-use-internal { color: #333; } .ul-casatema-use-internal { list-style-type: none; padding: 0; } .li-casatema-use-internal { background: #f4f4f4; margin: 5px 0; padding: 10px; border-radius: 5px; } .highlight-casatema-use-internal { font-weight: bold; } .image-container-casatema-use-internal, .img-casatema-use-internal { width: 100%; height: auto; } \/* CSS para os atributos *\/ .table-attr-casatema-use-internal { border-spacing: 0px; width: 100%; } .table-attr-casatema-use-internal tr:nth-child(even) { background: #ffffff; } .table-attr-casatema-use-internal tr:nth-child(odd) { background: #dfede9; } .td-left-attr-casatema-use-internal { padding: 10px; width: 30%; font-weight: bold; } .td-right-attr-casatema-use-internal { padding: 10px; width: 70%; } .div-left-attr-casatema-use-internal { width: 100%; } .div-right-attr-casatema-use-internal { width: 100%; } .div-group-attr-casatema-use-internal { padding-bottom: 10px; } @media (min-width: 1224px) { .div-left-attr-casatema-use-internal { width: 49%; float: left; } .div-right-attr-casatema-use-internal { width: 49%; float: right; } }     Bicama x madeira maci\u00e7a Mogno Mel. Qualidade e tradi\u00e7\u00e3o dos m\u00f3veis de Gramado voc\u00ea encontra nesse produto! A Bicama possui in\u00fameras vantagens, dentre elas, o melhor aproveitamento do espa\u00e7o, tendo em vista que consegue abrigar duas pessoas no espa\u00e7o de um. Sua produ\u00e7\u00e3o \u00e9 100% em madeira de reflorestamento.   Atributos em an\u00e1liseTamanho do Colch\u00e3o Indicado Cama Auxiliar (L x C)88x188Documentos AdicionaisManual de MontagemClique aqui para acessarGarantiaGarantia03 MesesItens InclusosAcompanha Cama AuxiliarSimAcompanha Colch\u00e3oN\u00e3oCama Auxiliar Acompanha Colch\u00e3oN\u00e3oItens Inclusos1 bicama e kit de ferragensMateriais e AcabamentosAcabamentoVernizEscala de BrilhoFoscoMaterial PrincipalMadeira Maci\u00e7aTipo de Madeira Maci\u00e7aEucaliptoMontagemComplexidade da MontagemBaixa: pode ser montado por uma pessoa sozinhaNecessita MontagemSimRecomenda\u00e7\u00f5es de Uso, Manuten\u00e7\u00e3o e LimpezaUtilizar pano levemente umidecido e flanelaSistema de MontagemParafuso e cavilhasOutras caracter\u00edsticasMaterial do EstradoMadeira &#8211; eucaliptoPesos e Dimens\u00f5esAltura (cm)75.0Altura do Estrado at\u00e9 o Ch\u00e3o37.0Largura (cm)195.0Peso (kg)44.0Profundidade (cm)97.0Caracter\u00edsticasAmbiente PrincipalQuartoCama Auxiliar Suporta At\u00e9 (kg)100.0Cama Auxiliar com Rod\u00edzioSimCor PredominanteMarromCor do ProdutoMogno MelExtens\u00edvelN\u00e3oMarcaMoveis NathaliaOrigem do ProdutoNacionalPermite a Utiliza\u00e7\u00e3o de Cama AuxiliarSimPossui Ba\u00faN\u00e3oPossui GavetasN\u00e3oPossui PortasN\u00e3oPossui PrateleirasN\u00e3oPossui P\u00e9sN\u00e3oPossui Rod\u00edzioSimRod\u00edzio com TravaN\u00e3oSuporta At\u00e9 (kg)250.0Tamanho da CamaCasalTamanho do Colch\u00e3oSolteiroTamanho do Colch\u00e3o Indicado (L x C)88X188Tipo de CamaBicamaTipo de EstradoRemov\u00edvel<\/p>\n<p>345270610734255216077034432552166107<\/p>\n<hr \/>\n<p>Ainda n\u00e3o encontrou a melhor op\u00e7\u00e3o de compra? Oferecemos mais uma possibilidade de <strong>busca<\/strong> mais ampla para <a href=\"https:\/\/ecompare.com.br\/lojas\/resultados-da-pesquisa\/?q=Bicama x madeira maci\u00e7a Mogno Mel#gsc.tab=0&amp;gsc.q=Bicama x madeira maci\u00e7a Mogno Mel&amp;gsc.page=1\" target=\"_blank\" rel=\"noopener\">Bicama x madeira maci\u00e7a Mogno Mel, clique e continue <strong>pesquisando&#8230;<\/strong><\/a><\/p>\n<hr \/>\n","protected":false},"excerpt":{"rendered":"<p>R$ 2449.98 nas lojas <a href=\"https:\/\/www.awin1.com\/pclick.php?p=44999525751&#038;a=690303&#038;m=100453\" target=\"_blank\" rel=\"sponsored\">Casa Tema BR<\/a><\/p>\n","protected":false},"author":1,"featured_media":0,"comment_status":"closed","ping_status":"closed","sticky":false,"template":"","format":"standard","meta":{"footnotes":""},"categories":[4],"tags":[9260,7432],"class_list":["post-78322","post","type-post","status-publish","format-standard","hentry","category-produtos","tag-2449-98","tag-casa-tema-br"],"_links":{"self":[{"href":"https:\/\/ezu.com.br\/lojas\/wp-json\/wp\/v2\/posts\/78322","targetHints":{"allow":["GET"]}}],"collection":[{"href":"https:\/\/ezu.com.br\/lojas\/wp-json\/wp\/v2\/posts"}],"about":[{"href":"https:\/\/ezu.com.br\/lojas\/wp-json\/wp\/v2\/types\/post"}],"author":[{"embeddable":true,"href":"https:\/\/ezu.com.br\/lojas\/wp-json\/wp\/v2\/users\/1"}],"replies":[{"embeddable":true,"href":"https:\/\/ezu.com.br\/lojas\/wp-json\/wp\/v2\/comments?post=78322"}],"version-history":[{"count":0,"href":"https:\/\/ezu.com.br\/lojas\/wp-json\/wp\/v2\/posts\/78322\/revisions"}],"wp:attachment":[{"href":"https:\/\/ezu.com.br\/lojas\/wp-json\/wp\/v2\/media?parent=78322"}],"wp:term":[{"taxonomy":"category","embeddable":true,"href":"https:\/\/ezu.com.br\/lojas\/wp-json\/wp\/v2\/categories?post=78322"},{"taxonomy":"post_tag","embeddable":true,"href":"https:\/\/ezu.com.br\/lojas\/wp-json\/wp\/v2\/tags?post=78322"}],"curies":[{"name":"wp","href":"https:\/\/api.w.org\/{rel}","templated":true}]}}