{"id":78021,"date":"2026-05-09T21:45:38","date_gmt":"2026-05-09T21:45:38","guid":{"rendered":"https:\/\/ezu.com.br\/lojas\/2026\/05\/guarda-roupa-modulado-1-porta-3-gavetas-wave-casatema-branco\/"},"modified":"2026-05-09T21:45:38","modified_gmt":"2026-05-09T21:45:38","slug":"guarda-roupa-modulado-1-porta-3-gavetas-wave-casatema-branco","status":"publish","type":"post","link":"https:\/\/ezu.com.br\/lojas\/2026\/05\/guarda-roupa-modulado-1-porta-3-gavetas-wave-casatema-branco\/","title":{"rendered":"Guarda-roupa Modulado 1 Porta 3 Gavetas Wave Casatema Branco"},"content":{"rendered":"<h2><\/h2>\n<h3>O pre\u00e7o de Guarda-roupa Modulado 1 Porta 3 Gavetas Wave Casatema Branco nas lojas online, no dia acima, era aproximadamente <strong>R$ BRL1208.28<\/strong>. Para informa\u00e7\u00f5es atualizadas, acesse este produto em dezenas de lojas dos marketplaces do Sistema Magalu:<\/h3>\n<p><a href=\"https:\/\/www.magazinevoce.com.br\/magazineezu\/busca\/Guarda-roupa Modulado 1 Porta 3 Gavetas Wave Casatema Branco\/\" target=\"_blank\" rel=\"noopener\"><img decoding=\"async\" src=\"https:\/\/casatema.vteximg.com.br\/arquivos\/ids\/1413707_2\" alt=\"Guarda-roupa Modulado 1 Porta 3 Gavetas Wave Casatema Branco\" \/> &#8211; CLIQUE AQUI<\/a>.<br \/>\nGuarda-roupa Modulado 1 Porta 3 Gavetas Wave Casatema Branco  .body-casatema-use-internal { font-family: Arial, sans-serif; line-height: 1.6; } .container-casatema-use-internal { width: 80%; margin: 0 auto; padding: 20px; } .hx-casatema-use-internal { color: #333; } .ul-casatema-use-internal { list-style-type: none; padding: 0; } .li-casatema-use-internal { background: #f4f4f4; margin: 5px 0; padding: 10px; border-radius: 5px; } .highlight-casatema-use-internal { font-weight: bold; } .image-container-casatema-use-internal, .img-casatema-use-internal { width: 100%; height: auto; } \/* CSS para os atributos *\/ .table-attr-casatema-use-internal { border-spacing: 0px; width: 100%; } .table-attr-casatema-use-internal tr:nth-child(even) { background: #ffffff; } .table-attr-casatema-use-internal tr:nth-child(odd) { background: #dfede9; } .td-left-attr-casatema-use-internal { padding: 10px; width: 30%; font-weight: bold; } .td-right-attr-casatema-use-internal { padding: 10px; width: 70%; } .div-left-attr-casatema-use-internal { width: 100%; } .div-right-attr-casatema-use-internal { width: 100%; } .div-group-attr-casatema-use-internal { padding-bottom: 10px; } @media (min-width: 1224px) { .div-left-attr-casatema-use-internal { width: 49%; float: left; } .div-right-attr-casatema-use-internal { width: 49%; float: right; } }     Guarda-roupa Modulado 1 Porta 3 Gavetas Wave Casatema MadeiraOriginals Branco. Transforme o quarto do seu pequeno em um ref\u00fagio de carinho, inspira\u00e7\u00e3o e autonomia. O Guarda-Roupa Modulado Wave da Casatema \u00e9 mais que um m\u00f3vel; \u00e9 a pe\u00e7a central de um ambiente pensado para o desenvolvimento integral da crian\u00e7a, seguindo os princ\u00edpios do m\u00e9todo Montessori. Cada detalhe foi desenhado para incentivar a independ\u00eancia e a seguran\u00e7a, desde os primeiros dias de vida. O design da linha Wave \u00e9 um convite \u00e0 explora\u00e7\u00e3o sensorial. A base de madeira natural de pinus, com seus tons e texturas quentes, se harmoniza com o branco sereno, criando uma atmosfera calma e minimalista. Os puxadores e detalhes em pinus convidam o toque e a imagina\u00e7\u00e3o, enquanto os cantos arredondados, inspira\u00e7\u00e3o para o nome da linha, garantem maior seguran\u00e7a e um visual moderno e fluido. A praticidade est\u00e1 presente em cada canto: as tr\u00eas gavetas com corredi\u00e7as telesc\u00f3picas e as cinco prateleiras, sendo duas remov\u00edveis, oferecem um espa\u00e7o vers\u00e1til para organizar brinquedos, roupas e livros, acompanhando o crescimento e as necessidades da crian\u00e7a. A porta, com abertura para direita ou esquerda, e as dobradi\u00e7as com amortecimento, refor\u00e7am a seguran\u00e7a e a durabilidade do m\u00f3vel. Este guarda-roupa \u00e9 a escolha perfeita para lares que valorizam a combina\u00e7\u00e3o de funcionalidade, est\u00e9tica e educa\u00e7\u00e3o. Ele n\u00e3o apenas organiza, mas tamb\u00e9m contribui para um espa\u00e7o que nutre o desenvolvimento cognitivo e emocional, incentivando a sensa\u00e7\u00e3o de seguran\u00e7a e conforto. Prepare-se para ver seu filho desfrutar de um ambiente que \u00e9, ao mesmo tempo, um espa\u00e7o de brincar, aprender e sonhar.   Caracter\u00edsticasAmbienteQuarto InfantilAmbiente PrincipalQuarto InfantilCor InternaBrancoCor PredominanteBrancoCor da PortaNaturalCor do ProdutoBrancoCor do PuxadorNatureEstiloModernoFabrica\u00e7\u00e3o Pr\u00f3priaSimGaveta com ChaveN\u00e3oInforma\u00e7\u00f5es Complementares (Novo)Peso suportado; Prateleiras fixas: 15kg ; Prateleiras M\u00f3veis 10kg; Gaveta: 3kg.Linha ou Cole\u00e7\u00e3oWaveMarcaCasatemaModularSimNicho com CabideiroN\u00e3oO M\u00f3dulo Pode ser Utilizado IndividualmenteSimOrigem do ProdutoNacionalPeso M\u00e1ximo por Gaveta3.0Peso M\u00e1ximo por Prateleira10.0Porta JaneladaN\u00e3oPossui CabideirosN\u00e3oPossui CalceirosN\u00e3oPossui Organizador de GavetaN\u00e3oPossui PenteadeiraN\u00e3oPossui PortasSimPossui PrateleirasSimPossui P\u00e9sN\u00e3oQuantidade de EspelhosN\u00e3oQuantidade de Gavetas03 GavetasQuantidade de Portas1 PortaQuantidade de Prateleiras05 PrateleirasTipo de GavetaExternaTipo de Guarda-roupaModuladoTipo de PortaBaterTipo de Puxador da PortaExternoDocumentos AdicionaisManual de MontagemClique aqui para acessarGarantiaGarantia12 MesesItens InclusosItens Inclusos1 Guarda Roupa, Manual de Montagem e Kit FerragensMateriais e AcabamentosAcabamento da GavetaPintura UVAcabamento da PortaPintura UVAcabamento da PrateleiraPintura UVEscala de BrilhoSemi-FoscoEscala de Brilho da GavetaSemi-FoscoEscala de Brilho da PortaSemi-FoscoEscala de Brilho da PrateleiraSemi-FoscoMaterial PrincipalMDFMaterial da GavetaMDFMaterial da PortaMDFMaterial da PrateleiraMDFMaterial do Puxador da PortaMadeiraTipo de Corredi\u00e7a da GavetaMet\u00e1lica Telesc\u00f3picaTipo de Dobradi\u00e7a\/Corredi\u00e7a da PortaMet\u00e1licaMontagemComplexidade da MontagemAlta: deve ser montado por um montador especializadoNecessita MontagemSimRecomenda\u00e7\u00f5es de Uso, Manuten\u00e7\u00e3o e LimpezaNa limpeza n\u00e3o utilizar produtos qu\u00edmicos e abrasivos, usar apenas um pano umedecido, para garantir a maior durabilidade do m\u00f3vel.Sistema de MontagemMinifix, cavilhas e parafusosOutras caracter\u00edsticasPossui Gavetas3Possui Portas1Possui Prateleiras5Pesos e Dimens\u00f5esAltura (cm)230.0Largura (cm)40.0Peso (kg)53.5Profundidade (cm)50.5<\/p>\n<p>345270610734255216077034432552166107<\/p>\n<hr \/>\n<p>Ainda n\u00e3o encontrou a melhor op\u00e7\u00e3o de compra? Oferecemos mais uma possibilidade de <strong>busca<\/strong> mais ampla para <a href=\"https:\/\/ecompare.com.br\/lojas\/resultados-da-pesquisa\/?q=Guarda-roupa Modulado 1 Porta 3 Gavetas Wave Casatema Branco#gsc.tab=0&amp;gsc.q=Guarda-roupa Modulado 1 Porta 3 Gavetas Wave Casatema Branco&amp;gsc.page=1\" target=\"_blank\" rel=\"noopener\">Guarda-roupa Modulado 1 Porta 3 Gavetas Wave Casatema Branco, clique e continue <strong>pesquisando&#8230;<\/strong><\/a><\/p>\n<hr \/>\n","protected":false},"excerpt":{"rendered":"<p>R$ 1208.28 nas lojas <a href=\"https:\/\/www.awin1.com\/pclick.php?p=44999525418&#038;a=690303&#038;m=100453\" target=\"_blank\" rel=\"sponsored\">Casa Tema BR<\/a><\/p>\n","protected":false},"author":1,"featured_media":0,"comment_status":"closed","ping_status":"closed","sticky":false,"template":"","format":"standard","meta":{"footnotes":""},"categories":[4],"tags":[9134,7432],"class_list":["post-78021","post","type-post","status-publish","format-standard","hentry","category-produtos","tag-1208-28","tag-casa-tema-br"],"_links":{"self":[{"href":"https:\/\/ezu.com.br\/lojas\/wp-json\/wp\/v2\/posts\/78021","targetHints":{"allow":["GET"]}}],"collection":[{"href":"https:\/\/ezu.com.br\/lojas\/wp-json\/wp\/v2\/posts"}],"about":[{"href":"https:\/\/ezu.com.br\/lojas\/wp-json\/wp\/v2\/types\/post"}],"author":[{"embeddable":true,"href":"https:\/\/ezu.com.br\/lojas\/wp-json\/wp\/v2\/users\/1"}],"replies":[{"embeddable":true,"href":"https:\/\/ezu.com.br\/lojas\/wp-json\/wp\/v2\/comments?post=78021"}],"version-history":[{"count":0,"href":"https:\/\/ezu.com.br\/lojas\/wp-json\/wp\/v2\/posts\/78021\/revisions"}],"wp:attachment":[{"href":"https:\/\/ezu.com.br\/lojas\/wp-json\/wp\/v2\/media?parent=78021"}],"wp:term":[{"taxonomy":"category","embeddable":true,"href":"https:\/\/ezu.com.br\/lojas\/wp-json\/wp\/v2\/categories?post=78021"},{"taxonomy":"post_tag","embeddable":true,"href":"https:\/\/ezu.com.br\/lojas\/wp-json\/wp\/v2\/tags?post=78021"}],"curies":[{"name":"wp","href":"https:\/\/api.w.org\/{rel}","templated":true}]}}