{"id":77805,"date":"2026-05-16T12:30:31","date_gmt":"2026-05-16T12:30:31","guid":{"rendered":"https:\/\/ezu.com.br\/lojas\/2026\/05\/comoda-para-quarto-para-tv-ate-42-polegadas-viena-1-porta-6-gavetas-yescasa-nogal-branco\/"},"modified":"2026-05-16T12:30:31","modified_gmt":"2026-05-16T12:30:31","slug":"comoda-para-quarto-para-tv-ate-42-polegadas-viena-1-porta-6-gavetas-yescasa-nogal-branco","status":"publish","type":"post","link":"https:\/\/ezu.com.br\/lojas\/2026\/05\/comoda-para-quarto-para-tv-ate-42-polegadas-viena-1-porta-6-gavetas-yescasa-nogal-branco\/","title":{"rendered":"C\u00f4moda para Quarto para Tv at\u00e9 42 Polegadas Viena 1 Porta 6 Gavetas Yescasa Nogal\/Branco"},"content":{"rendered":"<h2><\/h2>\n<h3>O pre\u00e7o de C\u00f4moda para Quarto para Tv at\u00e9 42 Polegadas Viena 1 Porta 6 Gavetas Yescasa Nogal\/Branco nas lojas online, no dia acima, era aproximadamente <strong>R$ BRL1224.98<\/strong>. Para informa\u00e7\u00f5es atualizadas, acesse este produto em dezenas de lojas dos marketplaces do Sistema Magalu:<\/h3>\n<p><a href=\"https:\/\/www.magazinevoce.com.br\/magazineezu\/busca\/C\u00f4moda para Quarto para Tv at\u00e9 42 Polegadas Viena 1 Porta 6 Gavetas Yescasa Nogal\/Branco\/\" target=\"_blank\" rel=\"noopener\"><img decoding=\"async\" src=\"https:\/\/casatema.vteximg.com.br\/arquivos\/ids\/1409749_2\" alt=\"C\u00f4moda para Quarto para Tv at\u00e9 42 Polegadas Viena 1 Porta 6 Gavetas Yescasa Nogal\/Branco\" \/> &#8211; CLIQUE AQUI<\/a>.<br \/>\nC\u00f4moda para Quarto para Tv at\u00e9 42 Polegadas Viena 1 Porta 6 Gavetas Yescasa Nogal\/Branco  .body-casatema-use-internal { font-family: Arial, sans-serif; line-height: 1.6; } .container-casatema-use-internal { width: 80%; margin: 0 auto; padding: 20px; } .hx-casatema-use-internal { color: #333; } .ul-casatema-use-internal { list-style-type: none; padding: 0; } .li-casatema-use-internal { background: #f4f4f4; margin: 5px 0; padding: 10px; border-radius: 5px; } .highlight-casatema-use-internal { font-weight: bold; } .image-container-casatema-use-internal, .img-casatema-use-internal { width: 100%; height: auto; } \/* CSS para os atributos *\/ .table-attr-casatema-use-internal { border-spacing: 0px; width: 100%; } .table-attr-casatema-use-internal tr:nth-child(even) { background: #ffffff; } .table-attr-casatema-use-internal tr:nth-child(odd) { background: #dfede9; } .td-left-attr-casatema-use-internal { padding: 10px; width: 30%; font-weight: bold; } .td-right-attr-casatema-use-internal { padding: 10px; width: 70%; } .div-left-attr-casatema-use-internal { width: 100%; } .div-right-attr-casatema-use-internal { width: 100%; } .div-group-attr-casatema-use-internal { padding-bottom: 10px; } @media (min-width: 1224px) { .div-left-attr-casatema-use-internal { width: 49%; float: left; } .div-right-attr-casatema-use-internal { width: 49%; float: right; } }     C\u00f4moda para Quarto para Tv at\u00e9 42 Polegadas Viena 1 Porta 6 Gavetas Yescasa Nogal\/Branco. C\u00f4moda para Quarto para Tv at\u00e9 42 polegadas Viena combina funcionalidade e estilo. Com 1 porta basculante, 6 gavetas com corredi\u00e7as telesc\u00f3picas e estrutura em MDP 1,5cm, oferece durabilidade e praticidade. O acabamento em Finish Foil fosco confere eleg\u00e2ncia. Montagem necess\u00e1ria, grau de dificuldade alta. Ideal para organizar e decorar seu espa\u00e7o com sofistica\u00e7\u00e3o.   Caracter\u00edsticasAmbiente PrincipalQuartoCorBranco\/NogalCor PredominanteMarromCor do ProdutoNogal\/BrancoEstiloModernoGaveta com ChaveN\u00e3oLinha ou Cole\u00e7\u00e3oVienaMarcaYescasaOrigem do ProdutoNacionalPeso M\u00e1ximo por Gaveta5.0Porta JaneladaN\u00e3oPossui EspelhosN\u00e3oPossui GavetasSimPossui NichosN\u00e3oPossui PortasSimPossui PrateleirasN\u00e3oPossui P\u00e9sN\u00e3oQuantidade de Gavetas06 GavetasQuantidade de Portas1 PortaSapatas NiveladorasN\u00e3oSuporta At\u00e9 (kg)60.0Tipo de C\u00f4modaAdultoTipo de PortaBasculanteTipo de Puxador da GavetaExternoTipo de Puxador da PortaExternoPesos e Dimens\u00f5esAltura (cm)204.5Largura (cm)120.0Peso (kg)62.8Profundidade (cm)46.5Documentos AdicionaisManual de Montagem e Instala\u00e7\u00e3oClique aqui para acessarGarantiaGarantia03 MesesItens InclusosItens Inclusos1 C\u00f4moda + Kit Ferragem + Manual de MontagemMateriais e AcabamentosAcabamentoFinish FoilAcabamento da GavetaFinish FoilAcabamento da PortaFinish FoilEscala de BrilhoFoscoEscala de Brilho da GavetaFoscoEscala de Brilho da PortaFoscoMaterial PrincipalMDPMaterial da GavetaMDPMaterial da PortaMDPMaterial do FundoHDFMaterial do Puxador da GavetaPl\u00e1sticoMaterial do Puxador da PortaPl\u00e1sticoTipo de Corredi\u00e7a da GavetaMet\u00e1lica Telesc\u00f3picaTipo de Dobradi\u00e7a\/Corredi\u00e7a da PortaMet\u00e1licaMontagemComplexidade da MontagemM\u00e9dia: pode ser montado por mais de uma pessoa e\/ou necessite de maior conhecimento para montagemNecessita MontagemSimRecomenda\u00e7\u00f5es de Uso, Manuten\u00e7\u00e3o e LimpezaPara Limpeza Utilizar Pano SecoSistema de MontagemMinifix, Parafusos e Cavilhas<\/p>\n<p>345270610734255216077034432552166107<\/p>\n<hr \/>\n<p>Ainda n\u00e3o encontrou a melhor op\u00e7\u00e3o de compra? Oferecemos mais uma possibilidade de <strong>busca<\/strong> mais ampla para <a href=\"https:\/\/ecompare.com.br\/lojas\/resultados-da-pesquisa\/?q=C\u00f4moda para Quarto para Tv at\u00e9 42 Polegadas Viena 1 Porta 6 Gavetas Yescasa Nogal\/Branco#gsc.tab=0&amp;gsc.q=C\u00f4moda para Quarto para Tv at\u00e9 42 Polegadas Viena 1 Porta 6 Gavetas Yescasa Nogal\/Branco&amp;gsc.page=1\" target=\"_blank\" rel=\"noopener\">C\u00f4moda para Quarto para Tv at\u00e9 42 Polegadas Viena 1 Porta 6 Gavetas Yescasa Nogal\/Branco, clique e continue <strong>pesquisando&#8230;<\/strong><\/a><\/p>\n<hr \/>\n","protected":false},"excerpt":{"rendered":"<p>R$ 1224.98 nas lojas <a href=\"https:\/\/www.awin1.com\/pclick.php?p=44999525202&#038;a=690303&#038;m=100453\" target=\"_blank\" rel=\"sponsored\">Casa Tema BR<\/a><\/p>\n","protected":false},"author":1,"featured_media":0,"comment_status":"closed","ping_status":"closed","sticky":false,"template":"","format":"standard","meta":{"footnotes":""},"categories":[4],"tags":[8140,7432],"class_list":["post-77805","post","type-post","status-publish","format-standard","hentry","category-produtos","tag-1224-98","tag-casa-tema-br"],"_links":{"self":[{"href":"https:\/\/ezu.com.br\/lojas\/wp-json\/wp\/v2\/posts\/77805","targetHints":{"allow":["GET"]}}],"collection":[{"href":"https:\/\/ezu.com.br\/lojas\/wp-json\/wp\/v2\/posts"}],"about":[{"href":"https:\/\/ezu.com.br\/lojas\/wp-json\/wp\/v2\/types\/post"}],"author":[{"embeddable":true,"href":"https:\/\/ezu.com.br\/lojas\/wp-json\/wp\/v2\/users\/1"}],"replies":[{"embeddable":true,"href":"https:\/\/ezu.com.br\/lojas\/wp-json\/wp\/v2\/comments?post=77805"}],"version-history":[{"count":0,"href":"https:\/\/ezu.com.br\/lojas\/wp-json\/wp\/v2\/posts\/77805\/revisions"}],"wp:attachment":[{"href":"https:\/\/ezu.com.br\/lojas\/wp-json\/wp\/v2\/media?parent=77805"}],"wp:term":[{"taxonomy":"category","embeddable":true,"href":"https:\/\/ezu.com.br\/lojas\/wp-json\/wp\/v2\/categories?post=77805"},{"taxonomy":"post_tag","embeddable":true,"href":"https:\/\/ezu.com.br\/lojas\/wp-json\/wp\/v2\/tags?post=77805"}],"curies":[{"name":"wp","href":"https:\/\/api.w.org\/{rel}","templated":true}]}}