{"id":77647,"date":"2026-06-14T22:32:35","date_gmt":"2026-06-14T22:32:35","guid":{"rendered":"https:\/\/ezu.com.br\/lojas\/2026\/06\/cama-alta-em-aco-infantil-juvenil-teko-casatema-branco-fosco-alamo\/"},"modified":"2026-06-14T22:32:35","modified_gmt":"2026-06-14T22:32:35","slug":"cama-alta-em-aco-infantil-juvenil-teko-casatema-branco-fosco-alamo","status":"publish","type":"post","link":"https:\/\/ezu.com.br\/lojas\/2026\/06\/cama-alta-em-aco-infantil-juvenil-teko-casatema-branco-fosco-alamo\/","title":{"rendered":"Cama Alta em A\u00e7o Infantil\/juvenil Teko Casatema Branco Fosco \/ \u00c1lamo"},"content":{"rendered":"<h2><\/h2>\n<h3>O pre\u00e7o de Cama Alta em A\u00e7o Infantil\/juvenil Teko Casatema Branco Fosco \/ \u00c1lamo nas lojas online, no dia acima, era aproximadamente <strong>R$ BRL3547.27<\/strong>. Para informa\u00e7\u00f5es atualizadas, acesse este produto em dezenas de lojas dos marketplaces do Sistema Magalu:<\/h3>\n<p><a href=\"https:\/\/www.magazinevoce.com.br\/magazineezu\/busca\/Cama Alta em A\u00e7o Infantil\/juvenil Teko Casatema Branco Fosco \/ \u00c1lamo\/\" target=\"_blank\" rel=\"noopener\"><img decoding=\"async\" src=\"https:\/\/casatema.vteximg.com.br\/arquivos\/ids\/1091396_2\" alt=\"Cama Alta em A\u00e7o Infantil\/juvenil Teko Casatema Branco Fosco \/ \u00c1lamo\" \/> &#8211; CLIQUE AQUI<\/a>.<br \/>\nCama Alta em A\u00e7o Infantil\/juvenil Teko Casatema Branco Fosco \/ \u00c1lamo  .body-casatema-use-internal { font-family: Arial, sans-serif; line-height: 1.6; } .container-casatema-use-internal { width: 80%; margin: 0 auto; padding: 20px; } .hx-casatema-use-internal { color: #333; } .ul-casatema-use-internal { list-style-type: none; padding: 0; } .li-casatema-use-internal { background: #f4f4f4; margin: 5px 0; padding: 10px; border-radius: 5px; } .highlight-casatema-use-internal { font-weight: bold; } .image-container-casatema-use-internal, .img-casatema-use-internal { width: 100%; height: auto; } \/* CSS para os atributos *\/ .table-attr-casatema-use-internal { border-spacing: 0px; width: 100%; } .table-attr-casatema-use-internal tr:nth-child(even) { background: #ffffff; } .table-attr-casatema-use-internal tr:nth-child(odd) { background: #dfede9; } .td-left-attr-casatema-use-internal { padding: 10px; width: 30%; font-weight: bold; } .td-right-attr-casatema-use-internal { padding: 10px; width: 70%; } .div-left-attr-casatema-use-internal { width: 100%; } .div-right-attr-casatema-use-internal { width: 100%; } .div-group-attr-casatema-use-internal { padding-bottom: 10px; } @media (min-width: 1224px) { .div-left-attr-casatema-use-internal { width: 49%; float: left; } .div-right-attr-casatema-use-internal { width: 49%; float: right; } }     Cama Alta Teko Branco Fosco \/ \u00c1lamo Casatema A Cama Alta Teko Branco Fosco \/ \u00c1lamo da Casatema \u00e9 a escolha ideal para quem busca praticidade, design moderno e aproveitamento de espa\u00e7o. Fabricada com estrutura em a\u00e7o carbono tubular de 1,2 mm de espessura e acabamento em pintura eletrost\u00e1tica a p\u00f3, ela \u00e9 resistente \u00e0 corros\u00e3o e extremamente dur\u00e1vel. Seu design inteligente permite criar um ambiente funcional na parte inferior, perfeito para montar um espa\u00e7o de leitura, estudos ou descanso. A escada lateral com degraus largos em MDF tamb\u00e9m funciona como estante, oferecendo apoio seguro e praticidade para armazenar objetos. Com capacidade de at\u00e9 100 kg, a cama \u00e9 ideal tanto para crian\u00e7as quanto adultos. Caracter\u00edsticas do Produto: Para Todas as Idades: Indicado para crian\u00e7as e adultos, com estrutura robusta e segura. Estrutura em a\u00e7o carbono tubular com 1,2 mm de espessura. Acabamento com pintura Branco Fosco \/ \u00c1lamo eletrost\u00e1tica a p\u00f3, resistente \u00e0 corros\u00e3o e ao desgaste do uso di\u00e1rio. Suporta at\u00e9 100 kg na parte superior. Degraus largos em MDF para maior estabilidade ao subir. Escada lateral com fun\u00e7\u00e3o estante para organiza\u00e7\u00e3o e decora\u00e7\u00e3o. Grade de prote\u00e7\u00e3o elevada, ideal para seguran\u00e7a de crian\u00e7as. Compat\u00edvel com colch\u00e3o de solteiro padr\u00e3o (188 x 88 cm). Altura projetada para permitir uso funcional do espa\u00e7o inferior (sof\u00e1, escrivaninha, \u00e1rea de leitura). Design moderno e estrutura dispon\u00edvel em cor vibrante com detalhes amadeirados. Benef\u00edcios: Economia de espa\u00e7o: A cama elevada libera a parte inferior para outros m\u00f3veis ou \u00e1reas de uso. Multifuncionalidade: Escada com nichos integra armazenamento ao design. Seguran\u00e7a: Degraus largos e grade lateral proporcionam acesso e uso seguros. Durabilidade: Estrutura met\u00e1lica refor\u00e7ada e pintura eletrost\u00e1tica garantem longa vida \u00fatil. Estilo vers\u00e1til: Combina facilmente com diferentes estilos de decora\u00e7\u00e3o infantil, juvenil ou adulto. Indica\u00e7\u00e3o familiar: Ideal para lares com irm\u00e3os ou ambientes compartilhados que exigem aproveitamento inteligente do espa\u00e7o. F\u00e1cil de montar: Acompanha manual de montagem detalhado.   Caracter\u00edsticasAmbiente PrincipalQuarto InfantilCorBranco Fosco\/\u00c1lamoCor PredominanteBrancoCor do ProdutoBranco Fosco \/ \u00c1lamoExtens\u00edvelN\u00e3oFabrica\u00e7\u00e3o Pr\u00f3priaSimLinha ou Cole\u00e7\u00e3oTekoMarcaCasatemaOrigem do ProdutoNacionalPermite a Utiliza\u00e7\u00e3o de Cama AuxiliarSimPossui Ba\u00faN\u00e3oPossui GavetasN\u00e3oPossui GradeSimPossui PortasN\u00e3oPossui PrateleirasN\u00e3oPossui P\u00e9sSimPossui Rod\u00edzioN\u00e3oSapatas NiveladorasN\u00e3oSuporta At\u00e9 (kg)100.0Tamanho do Colch\u00e3oSolteiroTamanho do Colch\u00e3o Indicado (L x C)88x188cmTipo de CamaInfantilTipo de EstradoFixoPesos e Dimens\u00f5esAltura (cm)191.0Altura do Estrado at\u00e9 o Ch\u00e3o144.0Altura dos P\u00e9s144.0Largura (cm)236.0Peso Suportado por cada Cama100.0Profundidade (cm)95.0Documentos AdicionaisManual de Montagem e Instala\u00e7\u00e3oClique aqui para acessarGarantiaGarantia12 MesesItens InclusosAcompanha Cama AuxiliarN\u00e3oAcompanha Colch\u00e3oN\u00e3oAcompanha DosselN\u00e3oAcompanha M\u00f3bileN\u00e3oAcompanha Suporte para MosquiteiroN\u00e3oItens Inclusos1 cama alta, 1 kit ferragens e 1 manual de montagemMateriais e AcabamentosAcabamentoPinturaAcabamento dos P\u00e9sPinturaEscala de BrilhoSemi-FoscoMaterial PrincipalA\u00e7oMaterial do EstradoMDFMaterial dos P\u00e9sA\u00e7oMontagemComplexidade da MontagemAlta: deve ser montado por um montador especializadoNecessita MontagemSimRecomenda\u00e7\u00f5es de Uso, Manuten\u00e7\u00e3o e LimpezaUse um pano macio, levemente umedecido com \u00e1gua. N\u00e3o utilize solventes ou abrasivos.Para garantir estabilidade e durabilidade, \u00e9 recomendado reapertar os parafusos de tempos em tempos.Sistema de MontagemParafusosOutras caracter\u00edsticasMaterial da EscadaA\u00e7o\/MDF<\/p>\n<p>345270610734255216077034432552166107<\/p>\n<hr \/>\n<p>Ainda n\u00e3o encontrou a melhor op\u00e7\u00e3o de compra? Oferecemos mais uma possibilidade de <strong>busca<\/strong> mais ampla para <a href=\"https:\/\/ecompare.com.br\/lojas\/resultados-da-pesquisa\/?q=Cama Alta em A\u00e7o Infantil\/juvenil Teko Casatema Branco Fosco \/ \u00c1lamo#gsc.tab=0&amp;gsc.q=Cama Alta em A\u00e7o Infantil\/juvenil Teko Casatema Branco Fosco \/ \u00c1lamo&amp;gsc.page=1\" target=\"_blank\" rel=\"noopener\">Cama Alta em A\u00e7o Infantil\/juvenil Teko Casatema Branco Fosco \/ \u00c1lamo, clique e continue <strong>pesquisando&#8230;<\/strong><\/a><\/p>\n<hr \/>\n","protected":false},"excerpt":{"rendered":"<p>R$ 3547.27 nas lojas <a href=\"https:\/\/www.awin1.com\/pclick.php?p=44999524978&#038;a=690303&#038;m=100453\" target=\"_blank\" rel=\"sponsored\">Casa Tema BR<\/a><\/p>\n","protected":false},"author":1,"featured_media":0,"comment_status":"closed","ping_status":"closed","sticky":false,"template":"","format":"standard","meta":{"footnotes":""},"categories":[4],"tags":[9009,7432],"class_list":["post-77647","post","type-post","status-publish","format-standard","hentry","category-produtos","tag-3547-27","tag-casa-tema-br"],"_links":{"self":[{"href":"https:\/\/ezu.com.br\/lojas\/wp-json\/wp\/v2\/posts\/77647","targetHints":{"allow":["GET"]}}],"collection":[{"href":"https:\/\/ezu.com.br\/lojas\/wp-json\/wp\/v2\/posts"}],"about":[{"href":"https:\/\/ezu.com.br\/lojas\/wp-json\/wp\/v2\/types\/post"}],"author":[{"embeddable":true,"href":"https:\/\/ezu.com.br\/lojas\/wp-json\/wp\/v2\/users\/1"}],"replies":[{"embeddable":true,"href":"https:\/\/ezu.com.br\/lojas\/wp-json\/wp\/v2\/comments?post=77647"}],"version-history":[{"count":0,"href":"https:\/\/ezu.com.br\/lojas\/wp-json\/wp\/v2\/posts\/77647\/revisions"}],"wp:attachment":[{"href":"https:\/\/ezu.com.br\/lojas\/wp-json\/wp\/v2\/media?parent=77647"}],"wp:term":[{"taxonomy":"category","embeddable":true,"href":"https:\/\/ezu.com.br\/lojas\/wp-json\/wp\/v2\/categories?post=77647"},{"taxonomy":"post_tag","embeddable":true,"href":"https:\/\/ezu.com.br\/lojas\/wp-json\/wp\/v2\/tags?post=77647"}],"curies":[{"name":"wp","href":"https:\/\/api.w.org\/{rel}","templated":true}]}}