{"id":77481,"date":"2026-05-08T21:22:04","date_gmt":"2026-05-08T21:22:04","guid":{"rendered":"https:\/\/ezu.com.br\/lojas\/2026\/05\/quarto-infantil-com-guarda-roupa-3-portas-e-comoda-1-porta-100-mdf-mimo-espresso-moveis-branco-brilho\/"},"modified":"2026-05-08T21:22:04","modified_gmt":"2026-05-08T21:22:04","slug":"quarto-infantil-com-guarda-roupa-3-portas-e-comoda-1-porta-100-mdf-mimo-espresso-moveis-branco-brilho","status":"publish","type":"post","link":"https:\/\/ezu.com.br\/lojas\/2026\/05\/quarto-infantil-com-guarda-roupa-3-portas-e-comoda-1-porta-100-mdf-mimo-espresso-moveis-branco-brilho\/","title":{"rendered":"Quarto Infantil com Guarda-roupa 3 Portas e C\u00f4moda 1 Porta 100% Mdf Mimo Espresso M\u00f3veis Branco Brilho"},"content":{"rendered":"<h2><\/h2>\n<h3>O pre\u00e7o de Quarto Infantil com Guarda-roupa 3 Portas e C\u00f4moda 1 Porta 100% Mdf Mimo Espresso M\u00f3veis Branco Brilho nas lojas online, no dia acima, era aproximadamente <strong>R$ BRL1162.48<\/strong>. Para informa\u00e7\u00f5es atualizadas, acesse este produto em dezenas de lojas dos marketplaces do Sistema Magalu:<\/h3>\n<p><a href=\"https:\/\/www.magazinevoce.com.br\/magazineezu\/busca\/Quarto Infantil com Guarda-roupa 3 Portas e C\u00f4moda 1 Porta 100% Mdf Mimo Espresso M\u00f3veis Branco Brilho\/\" target=\"_blank\" rel=\"noopener\"><img decoding=\"async\" src=\"https:\/\/casatema.vteximg.com.br\/arquivos\/ids\/1056801_2\" alt=\"Quarto Infantil com Guarda-roupa 3 Portas e C\u00f4moda 1 Porta 100% Mdf Mimo Espresso M\u00f3veis Branco Brilho\" \/> &#8211; CLIQUE AQUI<\/a>.<br \/>\nQuarto Infantil com Guarda-roupa 3 Portas e C\u00f4moda 1 Porta 100% Mdf Mimo Espresso M\u00f3veis Branco Brilho  .body-casatema-use-internal { font-family: Arial, sans-serif; line-height: 1.6; } .container-casatema-use-internal { width: 80%; margin: 0 auto; padding: 20px; } .hx-casatema-use-internal { color: #333; } .ul-casatema-use-internal { list-style-type: none; padding: 0; } .li-casatema-use-internal { background: #f4f4f4; margin: 5px 0; padding: 10px; border-radius: 5px; } .highlight-casatema-use-internal { font-weight: bold; } .image-container-casatema-use-internal, .img-casatema-use-internal { width: 100%; height: auto; } \/* CSS para os atributos *\/ .table-attr-casatema-use-internal { border-spacing: 0px; width: 100%; } .table-attr-casatema-use-internal tr:nth-child(even) { background: #ffffff; } .table-attr-casatema-use-internal tr:nth-child(odd) { background: #dfede9; } .td-left-attr-casatema-use-internal { padding: 10px; width: 30%; font-weight: bold; } .td-right-attr-casatema-use-internal { padding: 10px; width: 70%; } .div-left-attr-casatema-use-internal { width: 100%; } .div-right-attr-casatema-use-internal { width: 100%; } .div-group-attr-casatema-use-internal { padding-bottom: 10px; } @media (min-width: 1224px) { .div-left-attr-casatema-use-internal { width: 49%; float: left; } .div-right-attr-casatema-use-internal { width: 49%; float: right; } }     Quarto Infantil com Guarda-roupa 3 Portas e C\u00f4moda 1 Porta 100% Mdf Mimo Espresso M\u00f3veis Branco Brilho. Se voc\u00ea procura por qualidade seguran\u00e7a e aquele toque cl\u00e1ssico para montar o quarto do seu beb\u00ea, essa proposta vai te encantar. Os produtos s\u00e3o desenvolvidos em 100% MDF e acabamento em pintura UV at\u00f3xica, garantindo maior seguran\u00e7a para toda fam\u00edlia. No guarda roupa, vemos muito espa\u00e7o interno para organiza\u00e7\u00e3o com cabideiro met\u00e1lico e 3 prateleiras. As gavetas possuem corredi\u00e7as met\u00e1licas, facilitando o deslize. Guarda Roupa e C\u00f4moda acompanham 2 rodap\u00e9s, um torneado e um reto, que voc\u00ea escolhe qual usar no momento da montagem. Um detalhe que oferece muito charme. Aproveite para adquirir o seu agora! Ambiente composto por: &#8211; 1 Guarda Roupa 3 Portas e 3 Gavetas 188,5 x 91,90 x 41,80 (AxLxP &#8211; cm) 1 C\u00f4moda 1 Porta 4 Gavetas 88 x 95,3 x 42,3 (AxLxP &#8211; cm)   Caracter\u00edsticasAmbienteQuarto de Beb\u00eaAmbiente PrincipalQuarto de Beb\u00eaCapiton\u00eaN\u00e3oCorBranco BrilhoCor PredominanteBrancoCor do ProdutoBranco BrilhoLinha ou Cole\u00e7\u00e3oMimoMarcaEspresso M\u00f3veisO Conjunto Cont\u00e9mGuarda-Roupa\/C\u00f4modaPermite a Utiliza\u00e7\u00e3o de Cama AuxiliarN\u00e3oPintura At\u00f3xicaSimPossui CertificadoSimPossui PortasSimQuantidade de Itens2Suporta At\u00e9 (kg)40.0GarantiaGarantia03 MesesMateriais e AcabamentosAcabamentoPintura UVMaterial PrincipalMDFMontagemComplexidade da MontagemM\u00e9dia: pode ser montado por mais de uma pessoa e\/ou necessite de maior conhecimento para montagemMontagem FlexSim. Pode ser montado como Ber\u00e7o ou Mini Cama ou Mini Sof\u00e1Necessita MontagemSimRecomenda\u00e7\u00f5es de Uso, Manuten\u00e7\u00e3o e LimpezaPara limpeza utilizar somente pano limpo e macio, ligeiramente umedecido em \u00e1gua (apenas o bastante para remover a poeira), seguido de um pano seco.Sistema de MontagemParafusos autoatarraxantes, parafusos rosca m\u00e9trica, porcas met\u00e1licas, cavilhas de madeira, chapas met\u00e1licas, acess\u00f3rios pl\u00e1sticos.Pesos e Dimens\u00f5esAltura do Conjunto189.0Largura do Conjunto91.9<\/p>\n<p>345270610734255216077034432552166107<\/p>\n<hr \/>\n<p>Ainda n\u00e3o encontrou a melhor op\u00e7\u00e3o de compra? Oferecemos mais uma possibilidade de <strong>busca<\/strong> mais ampla para <a href=\"https:\/\/ecompare.com.br\/lojas\/resultados-da-pesquisa\/?q=Quarto Infantil com Guarda-roupa 3 Portas e C\u00f4moda 1 Porta 100% Mdf Mimo Espresso M\u00f3veis Branco Brilho#gsc.tab=0&amp;gsc.q=Quarto Infantil com Guarda-roupa 3 Portas e C\u00f4moda 1 Porta 100% Mdf Mimo Espresso M\u00f3veis Branco Brilho&amp;gsc.page=1\" target=\"_blank\" rel=\"noopener\">Quarto Infantil com Guarda-roupa 3 Portas e C\u00f4moda 1 Porta 100% Mdf Mimo Espresso M\u00f3veis Branco Brilho, clique e continue <strong>pesquisando&#8230;<\/strong><\/a><\/p>\n<hr \/>\n","protected":false},"excerpt":{"rendered":"<p>R$ 1162.48 nas lojas <a href=\"https:\/\/www.awin1.com\/pclick.php?p=44999524812&#038;a=690303&#038;m=100453\" target=\"_blank\" rel=\"sponsored\">Casa Tema BR<\/a><\/p>\n","protected":false},"author":1,"featured_media":0,"comment_status":"closed","ping_status":"closed","sticky":false,"template":"","format":"standard","meta":{"footnotes":""},"categories":[4],"tags":[7437,7432],"class_list":["post-77481","post","type-post","status-publish","format-standard","hentry","category-produtos","tag-1162-48","tag-casa-tema-br"],"_links":{"self":[{"href":"https:\/\/ezu.com.br\/lojas\/wp-json\/wp\/v2\/posts\/77481","targetHints":{"allow":["GET"]}}],"collection":[{"href":"https:\/\/ezu.com.br\/lojas\/wp-json\/wp\/v2\/posts"}],"about":[{"href":"https:\/\/ezu.com.br\/lojas\/wp-json\/wp\/v2\/types\/post"}],"author":[{"embeddable":true,"href":"https:\/\/ezu.com.br\/lojas\/wp-json\/wp\/v2\/users\/1"}],"replies":[{"embeddable":true,"href":"https:\/\/ezu.com.br\/lojas\/wp-json\/wp\/v2\/comments?post=77481"}],"version-history":[{"count":0,"href":"https:\/\/ezu.com.br\/lojas\/wp-json\/wp\/v2\/posts\/77481\/revisions"}],"wp:attachment":[{"href":"https:\/\/ezu.com.br\/lojas\/wp-json\/wp\/v2\/media?parent=77481"}],"wp:term":[{"taxonomy":"category","embeddable":true,"href":"https:\/\/ezu.com.br\/lojas\/wp-json\/wp\/v2\/categories?post=77481"},{"taxonomy":"post_tag","embeddable":true,"href":"https:\/\/ezu.com.br\/lojas\/wp-json\/wp\/v2\/tags?post=77481"}],"curies":[{"name":"wp","href":"https:\/\/api.w.org\/{rel}","templated":true}]}}