{"id":77366,"date":"2026-05-20T08:03:07","date_gmt":"2026-05-20T08:03:07","guid":{"rendered":"https:\/\/ezu.com.br\/lojas\/2026\/06\/guarda-roupa-modulado-6-pecas-12-portas-jade-cabecasa-madeiraoriginals-avela\/"},"modified":"2026-07-17T20:15:46","modified_gmt":"2026-07-17T20:15:46","slug":"guarda-roupa-modulado-6-pecas-12-portas-jade-cabecasa-madeiraoriginals-avela","status":"publish","type":"post","link":"https:\/\/ezu.com.br\/lojas\/2026\/05\/guarda-roupa-modulado-6-pecas-12-portas-jade-cabecasa-madeiraoriginals-avela\/","title":{"rendered":"Guarda-roupa Modulado 6 Pe\u00e7as 12 Portas Jade CabeCasa MadeiraOriginals Avel\u00e3"},"content":{"rendered":"<h2><\/h2>\n<h3>O pre\u00e7o de Guarda-roupa Modulado 6 Pe\u00e7as 12 Portas Jade CabeCasa MadeiraOriginals Avel\u00e3 nas lojas online, no dia acima, era aproximadamente <strong>R$ BRL6464.73<\/strong>. Para informa\u00e7\u00f5es atualizadas, acesse este produto em dezenas de lojas dos marketplaces do Sistema Magalu:<\/h3>\n<p><a href=\"https:\/\/www.magazinevoce.com.br\/magazineezu\/busca\/Guarda-roupa Modulado 6 Pe\u00e7as 12 Portas Jade CabeCasa MadeiraOriginals Avel\u00e3\/\" target=\"_blank\" rel=\"noopener\"><img decoding=\"async\" src=\"https:\/\/casatema.vteximg.com.br\/arquivos\/ids\/1444796_2\" alt=\"Guarda-roupa Modulado 6 Pe\u00e7as 12 Portas Jade CabeCasa MadeiraOriginals Avel\u00e3\" \/> &#8211; CLIQUE AQUI<\/a>.<br \/>\nGuarda-roupa Modulado 6 Pe\u00e7as 12 Portas Jade CabeCasa MadeiraOriginals Avel\u00e3  .body-casatema-use-internal { font-family: Arial, sans-serif; line-height: 1.6; } .container-casatema-use-internal { width: 80%; margin: 0 auto; padding: 20px; } .hx-casatema-use-internal { color: #333; } .ul-casatema-use-internal { list-style-type: none; padding: 0; } .li-casatema-use-internal { background: #f4f4f4; margin: 5px 0; padding: 10px; border-radius: 5px; } .highlight-casatema-use-internal { font-weight: bold; } .image-container-casatema-use-internal, .img-casatema-use-internal { width: 100%; height: auto; } \/* CSS para os atributos *\/ .table-attr-casatema-use-internal { border-spacing: 0px; width: 100%; } .table-attr-casatema-use-internal tr:nth-child(even) { background: #ffffff; } .table-attr-casatema-use-internal tr:nth-child(odd) { background: #dfede9; } .td-left-attr-casatema-use-internal { padding: 10px; width: 30%; font-weight: bold; } .td-right-attr-casatema-use-internal { padding: 10px; width: 70%; } .div-left-attr-casatema-use-internal { width: 100%; } .div-right-attr-casatema-use-internal { width: 100%; } .div-group-attr-casatema-use-internal { padding-bottom: 10px; } @media (min-width: 1224px) { .div-left-attr-casatema-use-internal { width: 49%; float: left; } .div-right-attr-casatema-use-internal { width: 49%; float: right; } }     Guarda-roupa Modulado 6 Pe\u00e7as 12 Portas Jade CabeCasa MadeiraOriginals Avel\u00e3. A Linha Jade Cabecasa agora conta com uma novidade: Portas Reflecta! Trazendo sofistica\u00e7\u00e3o para o ambiente, a porta Reflecta tem uma superf\u00edcie ao mesmo tempo reflexiva e transparente. Dependendo da ilumina\u00e7\u00e3o do ambiente, ela pode parecer mais reflexiva ou mais transl\u00facida. Um toque a mais de sofistica\u00e7\u00e3o na Linha Jade que j\u00e1 \u00e9 um sucesso! Com design inteligente e funcionalidade, a cole\u00e7\u00e3o apresenta solu\u00e7\u00f5es de armazenamento personaliz\u00e1veis, combinando versatilidade e estilo. Gavetas e prateleiras espa\u00e7osas, cabideiro, corredi\u00e7as e dobradi\u00e7as met\u00e1licas resistentes, estrutura em MDP e puxadores em MDF, a Linha Jade tem tudo o que voc\u00ea precisa para compor um guarda-roupa resistente, funcional e adapt\u00e1vel. Al\u00e9m disso, o guarda-roupa pode ser usado como closet aberto, removendo as portas.   Caracter\u00edsticasAmbiente PrincipalQuartoCorAvel\u00e3Cor PredominanteAmareloCor do ProdutoAvel\u00e3Fabrica\u00e7\u00e3o Pr\u00f3priaSimLinha ou Cole\u00e7\u00e3oJade CabecasaMarcaCabeCasa MadeiraMadeiraModularSimPossui CabideirosSimPossui PortasSimPossui P\u00e9sN\u00e3oQuantidade de GavetasN\u00e3o PossuiQuantidade de Portas12 PortasQuantidade de PrateleirasN\u00e3o PossuiTipo de Guarda-roupaModuladoTipo de PortaCorrerGarantiaGarantia24 MesesMateriais e AcabamentosMaterial PrincipalMDPMontagemNecessita MontagemSimOutras caracter\u00edsticasAmbientenull<\/p>\n<p>345270610734255216077034432552166107<\/p>\n<hr \/>\n<p>Ainda n\u00e3o encontrou a melhor op\u00e7\u00e3o de compra? Oferecemos mais uma possibilidade de <strong>busca<\/strong> mais ampla para <a href=\"https:\/\/ecompare.com.br\/lojas\/resultados-da-pesquisa\/?q=Guarda-roupa Modulado 6 Pe\u00e7as 12 Portas Jade CabeCasa MadeiraOriginals Avel\u00e3#gsc.tab=0&amp;gsc.q=Guarda-roupa Modulado 6 Pe\u00e7as 12 Portas Jade CabeCasa MadeiraOriginals Avel\u00e3&amp;gsc.page=1\" target=\"_blank\" rel=\"noopener\">Guarda-roupa Modulado 6 Pe\u00e7as 12 Portas Jade CabeCasa MadeiraOriginals Avel\u00e3, clique e continue <strong>pesquisando&#8230;<\/strong><\/a><\/p>\n<hr \/>\n","protected":false},"excerpt":{"rendered":"<p>R$ 6464.73 nas lojas <a href=\"https:\/\/www.awin1.com\/pclick.php?p=44999528371&#038;a=690303&#038;m=100453\" target=\"_blank\" rel=\"sponsored\">Casa Tema BR<\/a><\/p>\n","protected":false},"author":1,"featured_media":0,"comment_status":"closed","ping_status":"closed","sticky":false,"template":"","format":"standard","meta":{"footnotes":""},"categories":[4],"tags":[10652,7432],"class_list":["post-77366","post","type-post","status-publish","format-standard","hentry","category-produtos","tag-6464-73","tag-casa-tema-br"],"_links":{"self":[{"href":"https:\/\/ezu.com.br\/lojas\/wp-json\/wp\/v2\/posts\/77366","targetHints":{"allow":["GET"]}}],"collection":[{"href":"https:\/\/ezu.com.br\/lojas\/wp-json\/wp\/v2\/posts"}],"about":[{"href":"https:\/\/ezu.com.br\/lojas\/wp-json\/wp\/v2\/types\/post"}],"author":[{"embeddable":true,"href":"https:\/\/ezu.com.br\/lojas\/wp-json\/wp\/v2\/users\/1"}],"replies":[{"embeddable":true,"href":"https:\/\/ezu.com.br\/lojas\/wp-json\/wp\/v2\/comments?post=77366"}],"version-history":[{"count":1,"href":"https:\/\/ezu.com.br\/lojas\/wp-json\/wp\/v2\/posts\/77366\/revisions"}],"predecessor-version":[{"id":80565,"href":"https:\/\/ezu.com.br\/lojas\/wp-json\/wp\/v2\/posts\/77366\/revisions\/80565"}],"wp:attachment":[{"href":"https:\/\/ezu.com.br\/lojas\/wp-json\/wp\/v2\/media?parent=77366"}],"wp:term":[{"taxonomy":"category","embeddable":true,"href":"https:\/\/ezu.com.br\/lojas\/wp-json\/wp\/v2\/categories?post=77366"},{"taxonomy":"post_tag","embeddable":true,"href":"https:\/\/ezu.com.br\/lojas\/wp-json\/wp\/v2\/tags?post=77366"}],"curies":[{"name":"wp","href":"https:\/\/api.w.org\/{rel}","templated":true}]}}