{"id":77017,"date":"2026-06-20T22:59:16","date_gmt":"2026-06-20T22:59:16","guid":{"rendered":"https:\/\/ezu.com.br\/lojas\/2026\/05\/guarda-roupa-modulado-2-pecas-2-portas-jade-cabecasa-madeiraoriginals-branco-fosco\/"},"modified":"2026-07-17T20:05:46","modified_gmt":"2026-07-17T20:05:46","slug":"guarda-roupa-modulado-2-pecas-2-portas-jade-cabecasa-madeiraoriginals-branco-fosco","status":"publish","type":"post","link":"https:\/\/ezu.com.br\/lojas\/2026\/06\/guarda-roupa-modulado-2-pecas-2-portas-jade-cabecasa-madeiraoriginals-branco-fosco\/","title":{"rendered":"Guarda-roupa Modulado 2 Pe\u00e7as 2 Portas Jade CabeCasa MadeiraOriginals Branco Fosco"},"content":{"rendered":"<h2><\/h2>\n<h3>O pre\u00e7o de Guarda-roupa Modulado 2 Pe\u00e7as 2 Portas Jade CabeCasa MadeiraOriginals Branco Fosco nas lojas online, no dia acima, era aproximadamente <strong>R$ BRL1343.75<\/strong>. Para informa\u00e7\u00f5es atualizadas, acesse este produto em dezenas de lojas dos marketplaces do Sistema Magalu:<\/h3>\n<p><a href=\"https:\/\/www.magazinevoce.com.br\/magazineezu\/busca\/Guarda-roupa Modulado 2 Pe\u00e7as 2 Portas Jade CabeCasa MadeiraOriginals Branco Fosco\/\" target=\"_blank\" rel=\"noopener\"><img decoding=\"async\" src=\"https:\/\/casatema.vteximg.com.br\/arquivos\/ids\/1415587_2\" alt=\"Guarda-roupa Modulado 2 Pe\u00e7as 2 Portas Jade CabeCasa MadeiraOriginals Branco Fosco\" \/> &#8211; CLIQUE AQUI<\/a>.<br \/>\nGuarda-roupa Modulado 2 Pe\u00e7as 2 Portas Jade CabeCasa MadeiraOriginals Branco Fosco  .body-casatema-use-internal { font-family: Arial, sans-serif; line-height: 1.6; } .container-casatema-use-internal { width: 80%; margin: 0 auto; padding: 20px; } .hx-casatema-use-internal { color: #333; } .ul-casatema-use-internal { list-style-type: none; padding: 0; } .li-casatema-use-internal { background: #f4f4f4; margin: 5px 0; padding: 10px; border-radius: 5px; } .highlight-casatema-use-internal { font-weight: bold; } .image-container-casatema-use-internal, .img-casatema-use-internal { width: 100%; height: auto; } \/* CSS para os atributos *\/ .table-attr-casatema-use-internal { border-spacing: 0px; width: 100%; } .table-attr-casatema-use-internal tr:nth-child(even) { background: #ffffff; } .table-attr-casatema-use-internal tr:nth-child(odd) { background: #dfede9; } .td-left-attr-casatema-use-internal { padding: 10px; width: 30%; font-weight: bold; } .td-right-attr-casatema-use-internal { padding: 10px; width: 70%; } .div-left-attr-casatema-use-internal { width: 100%; } .div-right-attr-casatema-use-internal { width: 100%; } .div-group-attr-casatema-use-internal { padding-bottom: 10px; } @media (min-width: 1224px) { .div-left-attr-casatema-use-internal { width: 49%; float: left; } .div-right-attr-casatema-use-internal { width: 49%; float: right; } }     Guarda-roupa Modulado 2 Pe\u00e7as 2 Portas Jade CabeCasa MadeiraOriginals Branco Fosco. Apresentamos nossa nova linha de m\u00f3veis modulados para quarto, a linha Jade Cabecasa MadeiraMadeira, combinando versatilidade e estilo para se adaptar perfeitamente a qualquer espa\u00e7o. Com design inteligente e funcionalidade em mente, nossa cole\u00e7\u00e3o oferece solu\u00e7\u00f5es de armazenamento personaliz\u00e1veis para criar um ambiente acolhedor e organizado, independentemente do tamanho do espa\u00e7o dispon\u00edvel. D\u00ea asas \u00e0 sua criatividade e organize seus pertences de forma eficiente com o M\u00f3dulo de Guarda Roupa Jade, projetado especificamente para atender \u00e0s suas necessidades de armazenamento. Com prateleiras espa\u00e7osas, este guarda roupa oferece a liberdade de personalizar seu espa\u00e7o de acordo com suas prefer\u00eancias. Seja para exibir suas cole\u00e7\u00f5es, guardar roupas ou organizar itens pessoais, nossas prateleiras proporcionam funcionalidade e estilo incompar\u00e1veis. Fabricado em MDP oferece uma base s\u00f3lida e resistente, enquanto o MDF dos puxadores proporciona uma superf\u00edcie suave e usinagem personalizada sofisticada. Essa combina\u00e7\u00e3o \u00fanica garante n\u00e3o apenas durabilidade excepcional, mas tamb\u00e9m uma est\u00e9tica luxuosa que traz identidade e eleg\u00e2ncia ao seu espa\u00e7o. Explore a Versatilidade: Use Nosso Guarda Roupa sem Portas como um Closet Aberto! Nosso Guarda Roupa foi projetado para se adaptar ao seu estilo de vida. Com a op\u00e7\u00e3o de remover as portas, transforme facilmente seu Guarda Roupa em um closet aberto, exibindo suas roupas favoritas de forma elegante e acess\u00edvel. Aproveite ao m\u00e1ximo o espa\u00e7o e adicione um toque de modernidade ao seu ambiente, permitindo que seu estilo brilhe sem limites.   Caracter\u00edsticasAmbiente PrincipalQuartoCorBranco FoscoCor PredominanteBrancoCor do ProdutoBranco FoscoFabrica\u00e7\u00e3o Pr\u00f3priaSimLinha ou Cole\u00e7\u00e3oJadeMarcaCabeCasa MadeiraMadeiraModularSimPesos e Dimens\u00f5esAltura (cm)200.0Largura (cm)40.0Profundidade (cm)54.0GarantiaGarantia24 MesesMateriais e AcabamentosMaterial PrincipalMDPMontagemNecessita MontagemSimOutras caracter\u00edsticasAmbientenullPossui Portas1<\/p>\n<p>345270610734255216077034432552166107<\/p>\n<hr \/>\n<p>Ainda n\u00e3o encontrou a melhor op\u00e7\u00e3o de compra? Oferecemos mais uma possibilidade de <strong>busca<\/strong> mais ampla para <a href=\"https:\/\/ecompare.com.br\/lojas\/resultados-da-pesquisa\/?q=Guarda-roupa Modulado 2 Pe\u00e7as 2 Portas Jade CabeCasa MadeiraOriginals Branco Fosco#gsc.tab=0&amp;gsc.q=Guarda-roupa Modulado 2 Pe\u00e7as 2 Portas Jade CabeCasa MadeiraOriginals Branco Fosco&amp;gsc.page=1\" target=\"_blank\" rel=\"noopener\">Guarda-roupa Modulado 2 Pe\u00e7as 2 Portas Jade CabeCasa MadeiraOriginals Branco Fosco, clique e continue <strong>pesquisando&#8230;<\/strong><\/a><\/p>\n<hr \/>\n","protected":false},"excerpt":{"rendered":"<p>R$ 1343.75 nas lojas <a href=\"https:\/\/www.awin1.com\/pclick.php?p=44999525551&#038;a=690303&#038;m=100453\" target=\"_blank\" rel=\"sponsored\">Casa Tema BR<\/a><\/p>\n","protected":false},"author":1,"featured_media":0,"comment_status":"closed","ping_status":"closed","sticky":false,"template":"","format":"standard","meta":{"footnotes":""},"categories":[4],"tags":[9184,7432],"class_list":["post-77017","post","type-post","status-publish","format-standard","hentry","category-produtos","tag-1343-75","tag-casa-tema-br"],"_links":{"self":[{"href":"https:\/\/ezu.com.br\/lojas\/wp-json\/wp\/v2\/posts\/77017","targetHints":{"allow":["GET"]}}],"collection":[{"href":"https:\/\/ezu.com.br\/lojas\/wp-json\/wp\/v2\/posts"}],"about":[{"href":"https:\/\/ezu.com.br\/lojas\/wp-json\/wp\/v2\/types\/post"}],"author":[{"embeddable":true,"href":"https:\/\/ezu.com.br\/lojas\/wp-json\/wp\/v2\/users\/1"}],"replies":[{"embeddable":true,"href":"https:\/\/ezu.com.br\/lojas\/wp-json\/wp\/v2\/comments?post=77017"}],"version-history":[{"count":2,"href":"https:\/\/ezu.com.br\/lojas\/wp-json\/wp\/v2\/posts\/77017\/revisions"}],"predecessor-version":[{"id":78154,"href":"https:\/\/ezu.com.br\/lojas\/wp-json\/wp\/v2\/posts\/77017\/revisions\/78154"}],"wp:attachment":[{"href":"https:\/\/ezu.com.br\/lojas\/wp-json\/wp\/v2\/media?parent=77017"}],"wp:term":[{"taxonomy":"category","embeddable":true,"href":"https:\/\/ezu.com.br\/lojas\/wp-json\/wp\/v2\/categories?post=77017"},{"taxonomy":"post_tag","embeddable":true,"href":"https:\/\/ezu.com.br\/lojas\/wp-json\/wp\/v2\/tags?post=77017"}],"curies":[{"name":"wp","href":"https:\/\/api.w.org\/{rel}","templated":true}]}}