{"id":76915,"date":"2026-05-18T11:43:39","date_gmt":"2026-05-18T11:43:39","guid":{"rendered":"https:\/\/ezu.com.br\/lojas\/2026\/05\/guarda-roupa-modulado-de-canto-12-portas-6-pecas-1-mesa-de-cabeceira-hera-cabecasa-madeiraoriginals-louro\/"},"modified":"2026-05-18T11:43:39","modified_gmt":"2026-05-18T11:43:39","slug":"guarda-roupa-modulado-de-canto-12-portas-6-pecas-1-mesa-de-cabeceira-hera-cabecasa-madeiraoriginals-louro","status":"publish","type":"post","link":"https:\/\/ezu.com.br\/lojas\/2026\/05\/guarda-roupa-modulado-de-canto-12-portas-6-pecas-1-mesa-de-cabeceira-hera-cabecasa-madeiraoriginals-louro\/","title":{"rendered":"Guarda Roupa Modulado de Canto 12 Portas 6 Pe\u00e7as 1 Mesa de Cabeceira Hera CabeCasa MadeiraOriginals Louro"},"content":{"rendered":"<h2><\/h2>\n<h3>O pre\u00e7o de Guarda Roupa Modulado de Canto 12 Portas 6 Pe\u00e7as 1 Mesa de Cabeceira Hera CabeCasa MadeiraOriginals Louro nas lojas online, no dia acima, era aproximadamente <strong>R$ BRL9096.40<\/strong>. Para informa\u00e7\u00f5es atualizadas, acesse este produto em dezenas de lojas dos marketplaces do Sistema Magalu:<\/h3>\n<p><a href=\"https:\/\/www.magazinevoce.com.br\/magazineezu\/busca\/Guarda Roupa Modulado de Canto 12 Portas 6 Pe\u00e7as 1 Mesa de Cabeceira Hera CabeCasa MadeiraOriginals Louro\/\" target=\"_blank\" rel=\"noopener\"><img decoding=\"async\" src=\"https:\/\/casatema.vteximg.com.br\/arquivos\/ids\/982139_2\" alt=\"Guarda Roupa Modulado de Canto 12 Portas 6 Pe\u00e7as 1 Mesa de Cabeceira Hera CabeCasa MadeiraOriginals Louro\" \/> &#8211; CLIQUE AQUI<\/a>.<br \/>\nGuarda Roupa Modulado de Canto 12 Portas 6 Pe\u00e7as 1 Mesa de Cabeceira Hera CabeCasa MadeiraOriginals Louro  .body-casatema-use-internal { font-family: Arial, sans-serif; line-height: 1.6; } .container-casatema-use-internal { width: 80%; margin: 0 auto; padding: 20px; } .hx-casatema-use-internal { color: #333; } .ul-casatema-use-internal { list-style-type: none; padding: 0; } .li-casatema-use-internal { background: #f4f4f4; margin: 5px 0; padding: 10px; border-radius: 5px; } .highlight-casatema-use-internal { font-weight: bold; } .image-container-casatema-use-internal, .img-casatema-use-internal { width: 100%; height: auto; } \/* CSS para os atributos *\/ .table-attr-casatema-use-internal { border-spacing: 0px; width: 100%; } .table-attr-casatema-use-internal tr:nth-child(even) { background: #ffffff; } .table-attr-casatema-use-internal tr:nth-child(odd) { background: #dfede9; } .td-left-attr-casatema-use-internal { padding: 10px; width: 30%; font-weight: bold; } .td-right-attr-casatema-use-internal { padding: 10px; width: 70%; } .div-left-attr-casatema-use-internal { width: 100%; } .div-right-attr-casatema-use-internal { width: 100%; } .div-group-attr-casatema-use-internal { padding-bottom: 10px; } @media (min-width: 1224px) { .div-left-attr-casatema-use-internal { width: 49%; float: left; } .div-right-attr-casatema-use-internal { width: 49%; float: right; } }     Guarda Roupa Modulado de Canto 12 Portas 6 Pe\u00e7as 1 Mesa de Cabeceira Hera CabeCasa MadeiraOriginals Louro. O Guarda Roupa Modulado de Canto 12 portas 11 gavetas 6 pe\u00e7as Hera CabeCasa foi desenvolvido para trazer a experi\u00eancia de ter seu m\u00f3vel customizado de acordo com a necessidade do seu espa\u00e7o. O conjunto conta com um m\u00f3dulo de uma porta e dois m\u00f3dulos de duas portas, canto reto, mesa de cabeceira e ponte 3 portas. Com essa proposta, CabeCasa oferece para seus clientes a possibilidade pr\u00e1tica e custo-benef\u00edcio em oferecer uma linha de modulados que fa\u00e7a a fun\u00e7\u00e3o de um m\u00f3vel planejado. O cliente pode escolher entre os m\u00f3dulos dispon\u00edveis, em diferentes varia\u00e7\u00f5es de acabamentos, os que mais se adaptam ao seu gosto e ao seu dia a dia. Al\u00e9m disso, conta com design moderno que ir\u00e1 trazer muito mais sofistica\u00e7\u00e3o e aconchego para a decora\u00e7\u00e3o.   Caracter\u00edsticasAmbiente PrincipalQuartoCorLouroCor FlexN\u00e3oCor InternaLouroCor PredominanteMarromCor do ProdutoLouroCor do PuxadorCinzaEstiloModernoFabrica\u00e7\u00e3o Pr\u00f3priaSimInforma\u00e7\u00f5es Complementares (Novo)Puxador Met\u00e1lico Acetinado, portas em chapa de 18mm com dobradi\u00e7as com amortecimento, gavetas com corredi\u00e7a telesc\u00f3pica, fundos em 6mm, cabideiros em a\u00e7o cromado suportando at\u00e9 10kg e Maleiro at\u00e9 25kg.Linha ou Cole\u00e7\u00e3oHeraMarcaCabeCasa MadeiraMadeiraModularSimOrigem do ProdutoNacionalPeso M\u00e1ximo por Gaveta1.5Peso M\u00e1ximo por Prateleira10.0Possui CabideirosSimPossui CalceirosN\u00e3oPossui EspelhosN\u00e3oPossui Organizador de GavetaN\u00e3oPossui PenteadeiraN\u00e3oPossui PortasSimPossui P\u00e9sRodap\u00e9Quantidade de Cabideiros05 CabideirosQuantidade de Portas12 PortasTipo de GavetaInternaTipo de Guarda-roupaModuladoTipo de Puxador da GavetaExternoTipo de Puxador da PortaExternoOutras caracter\u00edsticasImagem\/foto do produtoFoto do produtoPossui Gavetas11Possui Portas12Possui Prateleiras3Documentos AdicionaisManual de MontagemClique aqui para acessarGarantiaGarantia24 MesesItens InclusosItens Inclusos1 Guarda Roupa 1 Porta, 2 Guarda Roupas 2 Portas, 1 Mesas de Cabedeira, 1 Canto Reto, 1 Ponte 3 Portas, Manual de montagem e Kit ferragensMateriais e AcabamentosAcabamento da GavetaFinish FoilAcabamento da PortaFinish FoilAcabamento da PrateleiraFinish FoilAcabamento dos P\u00e9sFinish FoilEscala de BrilhoSemi-FoscoEscala de Brilho da GavetaSemi-FoscoEscala de Brilho da PortaSemi-FoscoEscala de Brilho da PrateleiraSemi-FoscoMaterial PrincipalMDPMaterial da GavetaMDF\/MDPMaterial da PortaMDPMaterial da PrateleiraMDPMaterial do Puxador da GavetaMetalMaterial do Puxador da PortaMetalMaterial dos P\u00e9sMDPTipo de Corredi\u00e7a da GavetaMet\u00e1lica Telesc\u00f3picaTipo de Dobradi\u00e7a\/Corredi\u00e7a da PortaTelesc\u00f3picaMontagemComplexidade da MontagemAlta: deve ser montado por um montador especializadoMontagem FlexAs prateleiras podem ser remov\u00edveis com diferentes op\u00e7\u00f5es de altura, os cabideiros podem ser remov\u00edveis e possuem op\u00e7\u00f5es para serem utilizado como calceiro ou como cabideiro. J\u00e1 as caixarias com duas gavetas possuem duas posi\u00e7\u00f5es de altura para instala\u00e7\u00e3oNecessita MontagemSimRecomenda\u00e7\u00f5es de Uso, Manuten\u00e7\u00e3o e LimpezaDeve ser realizada com pano limpo e seco.Sistema de MontagemCavilha, parafuso e minifixPesos e Dimens\u00f5esAltura (cm)240.0Altura dos P\u00e9s8.0Espessura da Estrutura (mm)15.0Espessura das Portas (mm)18.0Espessura das Prateleiras (mm)15.0Espessura do Fundo (mm)6.0Espessura do Fundo das Gavetas (mm)6.0Largura (cm)90.0Peso (kg)552.2Profundidade (cm)54.0<\/p>\n<p>345270610734255216077034432552166107<\/p>\n<hr \/>\n<p>Ainda n\u00e3o encontrou a melhor op\u00e7\u00e3o de compra? Oferecemos mais uma possibilidade de <strong>busca<\/strong> mais ampla para <a href=\"https:\/\/ecompare.com.br\/lojas\/resultados-da-pesquisa\/?q=Guarda Roupa Modulado de Canto 12 Portas 6 Pe\u00e7as 1 Mesa de Cabeceira Hera CabeCasa MadeiraOriginals Louro#gsc.tab=0&amp;gsc.q=Guarda Roupa Modulado de Canto 12 Portas 6 Pe\u00e7as 1 Mesa de Cabeceira Hera CabeCasa MadeiraOriginals Louro&amp;gsc.page=1\" target=\"_blank\" rel=\"noopener\">Guarda Roupa Modulado de Canto 12 Portas 6 Pe\u00e7as 1 Mesa de Cabeceira Hera CabeCasa MadeiraOriginals Louro, clique e continue <strong>pesquisando&#8230;<\/strong><\/a><\/p>\n<hr \/>\n","protected":false},"excerpt":{"rendered":"<p>R$ 9096.40 nas lojas <a href=\"https:\/\/www.awin1.com\/pclick.php?p=44999524215&#038;a=690303&#038;m=100453\" target=\"_blank\" rel=\"sponsored\">Casa Tema BR<\/a><\/p>\n","protected":false},"author":1,"featured_media":0,"comment_status":"closed","ping_status":"closed","sticky":false,"template":"","format":"standard","meta":{"footnotes":""},"categories":[4],"tags":[8622,7432],"class_list":["post-76915","post","type-post","status-publish","format-standard","hentry","category-produtos","tag-9096-40","tag-casa-tema-br"],"_links":{"self":[{"href":"https:\/\/ezu.com.br\/lojas\/wp-json\/wp\/v2\/posts\/76915","targetHints":{"allow":["GET"]}}],"collection":[{"href":"https:\/\/ezu.com.br\/lojas\/wp-json\/wp\/v2\/posts"}],"about":[{"href":"https:\/\/ezu.com.br\/lojas\/wp-json\/wp\/v2\/types\/post"}],"author":[{"embeddable":true,"href":"https:\/\/ezu.com.br\/lojas\/wp-json\/wp\/v2\/users\/1"}],"replies":[{"embeddable":true,"href":"https:\/\/ezu.com.br\/lojas\/wp-json\/wp\/v2\/comments?post=76915"}],"version-history":[{"count":0,"href":"https:\/\/ezu.com.br\/lojas\/wp-json\/wp\/v2\/posts\/76915\/revisions"}],"wp:attachment":[{"href":"https:\/\/ezu.com.br\/lojas\/wp-json\/wp\/v2\/media?parent=76915"}],"wp:term":[{"taxonomy":"category","embeddable":true,"href":"https:\/\/ezu.com.br\/lojas\/wp-json\/wp\/v2\/categories?post=76915"},{"taxonomy":"post_tag","embeddable":true,"href":"https:\/\/ezu.com.br\/lojas\/wp-json\/wp\/v2\/tags?post=76915"}],"curies":[{"name":"wp","href":"https:\/\/api.w.org\/{rel}","templated":true}]}}