{"id":76809,"date":"2026-05-29T17:21:24","date_gmt":"2026-05-29T17:21:24","guid":{"rendered":"https:\/\/ezu.com.br\/lojas\/2026\/05\/bicama-casal-reversivel-com-estante-em-led-e-sapateira-infantil-wave-casatema-branco-natural\/"},"modified":"2026-05-29T17:21:24","modified_gmt":"2026-05-29T17:21:24","slug":"bicama-casal-reversivel-com-estante-em-led-e-sapateira-infantil-wave-casatema-branco-natural","status":"publish","type":"post","link":"https:\/\/ezu.com.br\/lojas\/2026\/05\/bicama-casal-reversivel-com-estante-em-led-e-sapateira-infantil-wave-casatema-branco-natural\/","title":{"rendered":"Bicama Casal Revers\u00edvel com Estante em LED e Sapateira Infantil Wave Casatema Branco \/natural"},"content":{"rendered":"<h2><\/h2>\n<h3>O pre\u00e7o de Bicama Casal Revers\u00edvel com Estante em LED e Sapateira Infantil Wave Casatema Branco \/natural nas lojas online, no dia acima, era aproximadamente <strong>R$ BRL4381.73<\/strong>. Para informa\u00e7\u00f5es atualizadas, acesse este produto em dezenas de lojas dos marketplaces do Sistema Magalu:<\/h3>\n<p><a href=\"https:\/\/www.magazinevoce.com.br\/magazineezu\/busca\/Bicama Casal Revers\u00edvel com Estante em LED e Sapateira Infantil Wave Casatema Branco \/natural\/\" target=\"_blank\" rel=\"noopener\"><img decoding=\"async\" src=\"https:\/\/casatema.vteximg.com.br\/arquivos\/ids\/947621_2\" alt=\"Bicama Casal Revers\u00edvel com Estante em LED e Sapateira Infantil Wave Casatema Branco \/natural\" \/> &#8211; CLIQUE AQUI<\/a>.<br \/>\nBicama Casal Revers\u00edvel com Estante em LED e Sapateira Infantil Wave Casatema Branco \/natural  .body-casatema-use-internal { font-family: Arial, sans-serif; line-height: 1.6; } .container-casatema-use-internal { width: 80%; margin: 0 auto; padding: 20px; } .hx-casatema-use-internal { color: #333; } .ul-casatema-use-internal { list-style-type: none; padding: 0; } .li-casatema-use-internal { background: #f4f4f4; margin: 5px 0; padding: 10px; border-radius: 5px; } .highlight-casatema-use-internal { font-weight: bold; } .image-container-casatema-use-internal, .img-casatema-use-internal { width: 100%; height: auto; } \/* CSS para os atributos *\/ .table-attr-casatema-use-internal { border-spacing: 0px; width: 100%; } .table-attr-casatema-use-internal tr:nth-child(even) { background: #ffffff; } .table-attr-casatema-use-internal tr:nth-child(odd) { background: #dfede9; } .td-left-attr-casatema-use-internal { padding: 10px; width: 30%; font-weight: bold; } .td-right-attr-casatema-use-internal { padding: 10px; width: 70%; } .div-left-attr-casatema-use-internal { width: 100%; } .div-right-attr-casatema-use-internal { width: 100%; } .div-group-attr-casatema-use-internal { padding-bottom: 10px; } @media (min-width: 1224px) { .div-left-attr-casatema-use-internal { width: 49%; float: left; } .div-right-attr-casatema-use-internal { width: 49%; float: right; } }     Conjunto Bicama Casal Revers\u00edvel com Estante 4 Nichos em LED e Sapateira 1 Porta Infantil Wave Casatema Branco \/naturalBicama Casal Revers\u00edvel com Estante 4 Nichos em LED e Sapateira 1 Porta Infantil Wave Casatema Branco \/natural. O Conjunto Completo Infantil Wave \u00e9 a solu\u00e7\u00e3o perfeita para criar um quarto infantil ou juvenil que alia sofistica\u00e7\u00e3o, funcionalidade e conforto. Composto por tr\u00eas pe\u00e7as essenciais, este conjunto oferece tudo o que \u00e9 necess\u00e1rio para um ambiente moderno e pr\u00e1tico. A Bicama Casal com ilumina\u00e7\u00e3o em LED e grade de prote\u00e7\u00e3o garante seguran\u00e7a e um toque contempor\u00e2neo, ideal para noites tranquilas. A Sapateira Infantil com assento estofado proporciona organiza\u00e7\u00e3o eficiente e um espa\u00e7o confort\u00e1vel para se sentar, contribuindo para a praticidade do dia a dia. Por fim, a Estante Infantil com 4 nichos iluminados adiciona charme e facilita a arruma\u00e7\u00e3o de livros e brinquedos, criando um espa\u00e7o aconchegante e seguro para as crian\u00e7as\u00a0explorarem. Caracter\u00edsticas:Cor Predominante: BrancoAmbiente Principal: Quarto InfantilMarca: CasatemaAltura do Conjunto: 114.5 cmGarantia: 06 mesesLargura do Conjunto: 194.2 cmAmbiente: nullCor: Branco \/naturalAcompanha Colch\u00e3o: N\u00e3oPermite a Utiliza\u00e7\u00e3o de Cama Auxiliar: N\u00e3oPossui Rod\u00edzio: Sim   Caracter\u00edsticasAmbiente PrincipalQuarto InfantilCorBranco\/NaturalCor PredominanteBrancoCor do ProdutoBranco\/NaturalFabrica\u00e7\u00e3o Pr\u00f3priaSimLinha ou Cole\u00e7\u00e3oWaveMarcaCasatemaPermite a Utiliza\u00e7\u00e3o de Cama AuxiliarN\u00e3oTamanho do Colch\u00e3oCasalGarantiaGarantia06 MesesItens InclusosAcompanha Colch\u00e3oN\u00e3oMontagemNecessita MontagemSimOutras caracter\u00edsticasAmbientenullPesos e Dimens\u00f5esAltura (cm)114.5Altura do Conjunto114.5Largura do Conjunto202.2<\/p>\n<p>345270610734255216077034432552166107<\/p>\n<hr \/>\n<p>Ainda n\u00e3o encontrou a melhor op\u00e7\u00e3o de compra? Oferecemos mais uma possibilidade de <strong>busca<\/strong> mais ampla para <a href=\"https:\/\/ecompare.com.br\/lojas\/resultados-da-pesquisa\/?q=Bicama Casal Revers\u00edvel com Estante em LED e Sapateira Infantil Wave Casatema Branco \/natural#gsc.tab=0&amp;gsc.q=Bicama Casal Revers\u00edvel com Estante em LED e Sapateira Infantil Wave Casatema Branco \/natural&amp;gsc.page=1\" target=\"_blank\" rel=\"noopener\">Bicama Casal Revers\u00edvel com Estante em LED e Sapateira Infantil Wave Casatema Branco \/natural, clique e continue <strong>pesquisando&#8230;<\/strong><\/a><\/p>\n<hr \/>\n","protected":false},"excerpt":{"rendered":"<p>R$ 4381.73 nas lojas <a href=\"https:\/\/www.awin1.com\/pclick.php?p=44999524109&#038;a=690303&#038;m=100453\" target=\"_blank\" rel=\"sponsored\">Casa Tema BR<\/a><\/p>\n","protected":false},"author":1,"featured_media":0,"comment_status":"closed","ping_status":"closed","sticky":false,"template":"","format":"standard","meta":{"footnotes":""},"categories":[4],"tags":[8547,7432],"class_list":["post-76809","post","type-post","status-publish","format-standard","hentry","category-produtos","tag-4381-73","tag-casa-tema-br"],"_links":{"self":[{"href":"https:\/\/ezu.com.br\/lojas\/wp-json\/wp\/v2\/posts\/76809","targetHints":{"allow":["GET"]}}],"collection":[{"href":"https:\/\/ezu.com.br\/lojas\/wp-json\/wp\/v2\/posts"}],"about":[{"href":"https:\/\/ezu.com.br\/lojas\/wp-json\/wp\/v2\/types\/post"}],"author":[{"embeddable":true,"href":"https:\/\/ezu.com.br\/lojas\/wp-json\/wp\/v2\/users\/1"}],"replies":[{"embeddable":true,"href":"https:\/\/ezu.com.br\/lojas\/wp-json\/wp\/v2\/comments?post=76809"}],"version-history":[{"count":0,"href":"https:\/\/ezu.com.br\/lojas\/wp-json\/wp\/v2\/posts\/76809\/revisions"}],"wp:attachment":[{"href":"https:\/\/ezu.com.br\/lojas\/wp-json\/wp\/v2\/media?parent=76809"}],"wp:term":[{"taxonomy":"category","embeddable":true,"href":"https:\/\/ezu.com.br\/lojas\/wp-json\/wp\/v2\/categories?post=76809"},{"taxonomy":"post_tag","embeddable":true,"href":"https:\/\/ezu.com.br\/lojas\/wp-json\/wp\/v2\/tags?post=76809"}],"curies":[{"name":"wp","href":"https:\/\/api.w.org\/{rel}","templated":true}]}}