{"id":76739,"date":"2026-05-29T02:22:31","date_gmt":"2026-05-29T02:22:31","guid":{"rendered":"https:\/\/ezu.com.br\/lojas\/2026\/05\/sapateira-infantil-1-porta-com-assento-estofado-wave-casatema-branco-natural\/"},"modified":"2026-05-29T02:22:31","modified_gmt":"2026-05-29T02:22:31","slug":"sapateira-infantil-1-porta-com-assento-estofado-wave-casatema-branco-natural","status":"publish","type":"post","link":"https:\/\/ezu.com.br\/lojas\/2026\/05\/sapateira-infantil-1-porta-com-assento-estofado-wave-casatema-branco-natural\/","title":{"rendered":"Sapateira Infantil 1 Porta com Assento Estofado Wave Casatema Branco\/Natural"},"content":{"rendered":"<h2><\/h2>\n<h3>O pre\u00e7o de Sapateira Infantil 1 Porta com Assento Estofado Wave Casatema Branco\/Natural nas lojas online, no dia acima, era aproximadamente <strong>R$ BRL655.82<\/strong>. Para informa\u00e7\u00f5es atualizadas, acesse este produto em dezenas de lojas dos marketplaces do Sistema Magalu:<\/h3>\n<p><a href=\"https:\/\/www.magazinevoce.com.br\/magazineezu\/busca\/Sapateira Infantil 1 Porta com Assento Estofado Wave Casatema Branco\/Natural\/\" target=\"_blank\" rel=\"noopener\"><img decoding=\"async\" src=\"https:\/\/casatema.vteximg.com.br\/arquivos\/ids\/931924_2\" alt=\"Sapateira Infantil 1 Porta com Assento Estofado Wave Casatema Branco\/Natural\" \/> &#8211; CLIQUE AQUI<\/a>.<br \/>\nSapateira Infantil 1 Porta com Assento Estofado Wave Casatema Branco\/Natural  .body-casatema-use-internal { font-family: Arial, sans-serif; line-height: 1.6; } .container-casatema-use-internal { width: 80%; margin: 0 auto; padding: 20px; } .hx-casatema-use-internal { color: #333; } .ul-casatema-use-internal { list-style-type: none; padding: 0; } .li-casatema-use-internal { background: #f4f4f4; margin: 5px 0; padding: 10px; border-radius: 5px; } .highlight-casatema-use-internal { font-weight: bold; } .image-container-casatema-use-internal, .img-casatema-use-internal { width: 100%; height: auto; } \/* CSS para os atributos *\/ .table-attr-casatema-use-internal { border-spacing: 0px; width: 100%; } .table-attr-casatema-use-internal tr:nth-child(even) { background: #ffffff; } .table-attr-casatema-use-internal tr:nth-child(odd) { background: #dfede9; } .td-left-attr-casatema-use-internal { padding: 10px; width: 30%; font-weight: bold; } .td-right-attr-casatema-use-internal { padding: 10px; width: 70%; } .div-left-attr-casatema-use-internal { width: 100%; } .div-right-attr-casatema-use-internal { width: 100%; } .div-group-attr-casatema-use-internal { padding-bottom: 10px; } @media (min-width: 1224px) { .div-left-attr-casatema-use-internal { width: 49%; float: left; } .div-right-attr-casatema-use-internal { width: 49%; float: right; } }     Sapateira Infantil Wave com Assento Estofado e 1 Porta com Rattan Branco\/NaturalSapateira Infantil Wave com Assento Estofado e 1 Porta com Rattan Branco\/Natural. A Sapateira Infantil da linha Wave combina um design contempor\u00e2neo e acolhedor, tornando-se a escolha perfeita para quartos infantis ou \u00e1reas de recrea\u00e7\u00e3o. Confeccionada em MDF de alta qualidade e madeira maci\u00e7a, destaca-se por sua est\u00e9tica leve e vers\u00e1til, capaz de se integrar harmoniosamente a diversos estilos de decora\u00e7\u00e3o.Seu visual \u00e9 ainda mais enriquecido por uma porta adornada em palha natural, que traz um toque r\u00fastico e encantador, enquanto o assento possui uma almofada remov\u00edvel em tecido suede, proporcionando conforto extra para as crian\u00e7as. O puxador em couro confere um toque de sofistica\u00e7\u00e3o e charme ao ambiente, elevando a pe\u00e7a a um novo patamar de eleg\u00e2ncia.Ideal para criar um espa\u00e7o l\u00fadico e funcional, a Sapateira Infantil Wave \u00e9 perfeita para organizar cal\u00e7ados e acess\u00f3rios.   Caracter\u00edsticasAmbiente PrincipalSala de EstarCor PredominanteBrancoCor do ProdutoBranco\/NaturalFabrica\u00e7\u00e3o Pr\u00f3priaSimLinha ou Cole\u00e7\u00e3oWaveMarcaCasatemaOrigem do ProdutoNacionalPossui Ba\u00faSimPossui P\u00e9sN\u00e3oSuporta At\u00e9 (kg)50.0Outras caracter\u00edsticasAmbiente PrincipalQuarto InfantilPesos e Dimens\u00f5esAltura (cm)35.6Largura (cm)60.0Peso (kg)7.5Profundidade (cm)35.2Documentos AdicionaisManual de Montagem e Instala\u00e7\u00e3oClique aqui para acessarGarantiaGarantia06 MesesItens InclusosItens Inclusos1 Sapateira, kit de ferragens e manual de montagemMateriais e AcabamentosEscala de BrilhoSemi-FoscoMaterial da EstruturaMDFMontagemComplexidade da MontagemM\u00e9dia: pode ser montado por mais de uma pessoa e\/ou necessite de maior conhecimento para montagemNecessita MontagemSimRecomenda\u00e7\u00f5es de Uso, Manuten\u00e7\u00e3o e LimpezaPano levemente umedecido. N\u00e3o utilizar materiais abrasivos.Sistema de MontagemParafusos, cavilhas, pregos, dobradi\u00e7as<\/p>\n<p>345270610734255216077034432552166107<\/p>\n<hr \/>\n<p>Ainda n\u00e3o encontrou a melhor op\u00e7\u00e3o de compra? Oferecemos mais uma possibilidade de <strong>busca<\/strong> mais ampla para <a href=\"https:\/\/ecompare.com.br\/lojas\/resultados-da-pesquisa\/?q=Sapateira Infantil 1 Porta com Assento Estofado Wave Casatema Branco\/Natural#gsc.tab=0&amp;gsc.q=Sapateira Infantil 1 Porta com Assento Estofado Wave Casatema Branco\/Natural&amp;gsc.page=1\" target=\"_blank\" rel=\"noopener\">Sapateira Infantil 1 Porta com Assento Estofado Wave Casatema Branco\/Natural, clique e continue <strong>pesquisando&#8230;<\/strong><\/a><\/p>\n<hr \/>\n","protected":false},"excerpt":{"rendered":"<p>R$ 655.82 nas lojas <a href=\"https:\/\/www.awin1.com\/pclick.php?p=44999524039&#038;a=690303&#038;m=100453\" target=\"_blank\" rel=\"sponsored\">Casa Tema BR<\/a><\/p>\n","protected":false},"author":1,"featured_media":0,"comment_status":"closed","ping_status":"closed","sticky":false,"template":"","format":"standard","meta":{"footnotes":""},"categories":[4],"tags":[8516,7432],"class_list":["post-76739","post","type-post","status-publish","format-standard","hentry","category-produtos","tag-655-82","tag-casa-tema-br"],"_links":{"self":[{"href":"https:\/\/ezu.com.br\/lojas\/wp-json\/wp\/v2\/posts\/76739","targetHints":{"allow":["GET"]}}],"collection":[{"href":"https:\/\/ezu.com.br\/lojas\/wp-json\/wp\/v2\/posts"}],"about":[{"href":"https:\/\/ezu.com.br\/lojas\/wp-json\/wp\/v2\/types\/post"}],"author":[{"embeddable":true,"href":"https:\/\/ezu.com.br\/lojas\/wp-json\/wp\/v2\/users\/1"}],"replies":[{"embeddable":true,"href":"https:\/\/ezu.com.br\/lojas\/wp-json\/wp\/v2\/comments?post=76739"}],"version-history":[{"count":0,"href":"https:\/\/ezu.com.br\/lojas\/wp-json\/wp\/v2\/posts\/76739\/revisions"}],"wp:attachment":[{"href":"https:\/\/ezu.com.br\/lojas\/wp-json\/wp\/v2\/media?parent=76739"}],"wp:term":[{"taxonomy":"category","embeddable":true,"href":"https:\/\/ezu.com.br\/lojas\/wp-json\/wp\/v2\/categories?post=76739"},{"taxonomy":"post_tag","embeddable":true,"href":"https:\/\/ezu.com.br\/lojas\/wp-json\/wp\/v2\/tags?post=76739"}],"curies":[{"name":"wp","href":"https:\/\/api.w.org\/{rel}","templated":true}]}}