{"id":76735,"date":"2026-05-07T21:48:05","date_gmt":"2026-05-07T21:48:05","guid":{"rendered":"https:\/\/ezu.com.br\/lojas\/2026\/05\/bicama-solteiro-wave-infantil-reversivel-led-com-rattan-grade-em-palito-casatema-natural-branco\/"},"modified":"2026-05-07T21:48:05","modified_gmt":"2026-05-07T21:48:05","slug":"bicama-solteiro-wave-infantil-reversivel-led-com-rattan-grade-em-palito-casatema-natural-branco","status":"publish","type":"post","link":"https:\/\/ezu.com.br\/lojas\/2026\/05\/bicama-solteiro-wave-infantil-reversivel-led-com-rattan-grade-em-palito-casatema-natural-branco\/","title":{"rendered":"Bicama Solteiro Wave Infantil Revers\u00edvel LED com Rattan Grade em Palito Casatema Natural\/Branco"},"content":{"rendered":"<h2><\/h2>\n<h3>O pre\u00e7o de Bicama Solteiro Wave Infantil Revers\u00edvel LED com Rattan Grade em Palito Casatema Natural\/Branco nas lojas online, no dia acima, era aproximadamente <strong>R$ BRL2170.75<\/strong>. Para informa\u00e7\u00f5es atualizadas, acesse este produto em dezenas de lojas dos marketplaces do Sistema Magalu:<\/h3>\n<p><a href=\"https:\/\/www.magazinevoce.com.br\/magazineezu\/busca\/Bicama Solteiro Wave Infantil Revers\u00edvel LED com Rattan Grade em Palito Casatema Natural\/Branco\/\" target=\"_blank\" rel=\"noopener\"><img decoding=\"async\" src=\"https:\/\/casatema.vteximg.com.br\/arquivos\/ids\/931172_2\" alt=\"Bicama Solteiro Wave Infantil Revers\u00edvel LED com Rattan Grade em Palito Casatema Natural\/Branco\" \/> &#8211; CLIQUE AQUI<\/a>.<br \/>\nBicama Solteiro Wave Infantil Revers\u00edvel LED com Rattan Grade em Palito Casatema Natural\/Branco  .body-casatema-use-internal { font-family: Arial, sans-serif; line-height: 1.6; } .container-casatema-use-internal { width: 80%; margin: 0 auto; padding: 20px; } .hx-casatema-use-internal { color: #333; } .ul-casatema-use-internal { list-style-type: none; padding: 0; } .li-casatema-use-internal { background: #f4f4f4; margin: 5px 0; padding: 10px; border-radius: 5px; } .highlight-casatema-use-internal { font-weight: bold; } .image-container-casatema-use-internal, .img-casatema-use-internal { width: 100%; height: auto; } \/* CSS para os atributos *\/ .table-attr-casatema-use-internal { border-spacing: 0px; width: 100%; } .table-attr-casatema-use-internal tr:nth-child(even) { background: #ffffff; } .table-attr-casatema-use-internal tr:nth-child(odd) { background: #dfede9; } .td-left-attr-casatema-use-internal { padding: 10px; width: 30%; font-weight: bold; } .td-right-attr-casatema-use-internal { padding: 10px; width: 70%; } .div-left-attr-casatema-use-internal { width: 100%; } .div-right-attr-casatema-use-internal { width: 100%; } .div-group-attr-casatema-use-internal { padding-bottom: 10px; } @media (min-width: 1224px) { .div-left-attr-casatema-use-internal { width: 49%; float: left; } .div-right-attr-casatema-use-internal { width: 49%; float: right; } }      Bicama Solteiro Juvenil Wave Revers\u00edvel com Led e Detalhes em Rattan Casatema Branco\/Natural  A Bicama Solteiro Juvenil Wave da Casatema \u00e9 perfeita para oferecer conforto e funcionalidade ao quarto infantil ou juvenil. Com design moderno e detalhes em rattan, ela agrega um toque de charme e sofistica\u00e7\u00e3o ao ambiente. A cabeceira com ilumina\u00e7\u00e3o LED cria um ambiente acolhedor e confort\u00e1vel, ideal para leitura antes de dormir ou para uma luz suave \u00e0 noite. Sua estrutura revers\u00edvel e a cama auxiliar garantem praticidade e aproveitamento de espa\u00e7o, proporcionando uma solu\u00e7\u00e3o completa para quartos compactos. Fabricada em madeira maci\u00e7a de alta qualidade com acabamento em branco e natural, \u00e9 uma pe\u00e7a resistente e dur\u00e1vel que acompanhar\u00e1 o crescimento da crian\u00e7a.  Caracter\u00edsticas do Produto:  Design Elegante: A Bicama Wave combina madeira com detalhes em rattan, proporcionando um visual moderno e natural que se adapta a diversos estilos de decora\u00e7\u00e3o.  Ilumina\u00e7\u00e3o LED: A cabeceira conta com uma ilumina\u00e7\u00e3o LED suave, ideal para tornar o ambiente mais aconchegante e perfeito para momentos de leitura ou relaxamento.  Cama Auxiliar: Possui cama auxiliar que economiza espa\u00e7o e \u00e9 f\u00e1cil de puxar, oferecendo praticidade e conforto para visitas ou irm\u00e3os que compartilham o quarto.  Estrutura Revers\u00edvel: Permite ajustar a cama de acordo com a disposi\u00e7\u00e3o do ambiente, oferecendo flexibilidade para diferentes layouts. Benef\u00edcios:  Aproveitamento de Espa\u00e7o: Com a cama auxiliar embutida, \u00e9 uma \u00f3tima op\u00e7\u00e3o para quartos pequenos ou para quem precisa de uma cama extra de forma pr\u00e1tica.  Conforto e Praticidade: A ilumina\u00e7\u00e3o LED proporciona um toque de aconchego, e a estrutura resistente suporta o uso di\u00e1rio, garantindo seguran\u00e7a e durabilidade. **Estilo e Funcionalidade: Ideal para quartos de crian\u00e7as e adolescentes, combina beleza e funcionalidade em uma pe\u00e7a s\u00f3, atendendo \u00e0s necessidades do crescimento infantil. Especifica\u00e7\u00f5es do Produto:   Estrutura: Madeira maci\u00e7a com detalhes em rattan sint\u00e9tico.  Dimens\u00f5es: Altura: 90 cm, Largura: 202 cm, Comprimento: 194 cm.  Capacidade de Peso: Cama principal: 100 kg, cama auxiliar: 80 kg.  Ilumina\u00e7\u00e3o LED: Sim, localizada na cabeceira.  Colch\u00e3o Compat\u00edvel: Cama principal: Solteiro, 188 x 88 cm; Cama auxiliar: 188 x 78 x 14 cm.  Cama Auxiliar: Sim, embutida e de f\u00e1cil acesso.  Acabamento: Branco\/Natural.  Design: Moderno com detalhes naturais.  Reversibilidade: Estrutura revers\u00edvel \u2013 Pode ser montado no modo montessoriano ou tradicional.  Peso do Produto: 50 kg   Ideal para quem busca funcionalidade sem abrir m\u00e3o do design, a Bicama Solteiro Juvenil Wave Revers\u00edvel com LED e detalhes em rattan da Casatema \u00e9 a escolha perfeita para o quarto dos pequenos!   Atributos em an\u00e1liseTamanho do Colch\u00e3o Indicado Cama Auxiliar (L x C)78cm x 188cmItens InclusosAcompanha Cama AuxiliarSimAcompanha Colch\u00e3oN\u00e3oAcompanha DosselN\u00e3oCama Auxiliar Acompanha Colch\u00e3oN\u00e3oMateriais e AcabamentosAcabamentoPinturaEscala de BrilhoSemi-BrilhoMaterial PrincipalMadeira Maci\u00e7aMaterial do EstradoMadeiraMontagemNecessita MontagemSimRecomenda\u00e7\u00f5es de Uso, Manuten\u00e7\u00e3o e LimpezaNa limpeza n\u00e3o utilizar produtos qu\u00edmicos e abrasivos, usar apenas um pano umedecido, para garantir a maior durabilidade do m\u00f3vel.Outras caracter\u00edsticasAmbientenullPesos e Dimens\u00f5esAltura (cm)91.0Altura do Estrado at\u00e9 o Ch\u00e3o29.0Largura (cm)202.2Largura M\u00e1xima202.2Profundidade (cm)94.2Caracter\u00edsticasAcompanha Grade de Prote\u00e7\u00e3oSimAmbiente PrincipalQuarto InfantilCama Auxiliar Suporta At\u00e9 (kg)100.0Cama Auxiliar com Rod\u00edzioSimCorNatural\/BrancoCor PredominanteBegeCor do ProdutoNatural\/BrancoFabrica\u00e7\u00e3o Pr\u00f3priaSimInforma\u00e7\u00f5es Complementares (Novo)1 Cama, 1 Cama Auxiliar, 1 Grade, Manual de Montagem e Kit FerragensLinha ou Cole\u00e7\u00e3oWaveMarcaCasatemaModularN\u00e3oOrigem do ProdutoNacionalPermite a Utiliza\u00e7\u00e3o de Cama AuxiliarSimPossui Ba\u00faN\u00e3oPossui GavetasN\u00e3oPossui GradeSimPossui Ilumina\u00e7\u00e3oSimPossui PortasN\u00e3oPossui PrateleirasN\u00e3oPossui P\u00e9sN\u00e3oSuporta At\u00e9 (kg)100.0Tamanho da CamaSolteiroTamanho do Colch\u00e3oSolteiroTipo de CamaBicamaTipo de EstradoFixo<\/p>\n<p>345270610734255216077034432552166107<\/p>\n<hr \/>\n<p>Ainda n\u00e3o encontrou a melhor op\u00e7\u00e3o de compra? Oferecemos mais uma possibilidade de <strong>busca<\/strong> mais ampla para <a href=\"https:\/\/ecompare.com.br\/lojas\/resultados-da-pesquisa\/?q=Bicama Solteiro Wave Infantil Revers\u00edvel LED com Rattan Grade em Palito Casatema Natural\/Branco#gsc.tab=0&amp;gsc.q=Bicama Solteiro Wave Infantil Revers\u00edvel LED com Rattan Grade em Palito Casatema Natural\/Branco&amp;gsc.page=1\" target=\"_blank\" rel=\"noopener\">Bicama Solteiro Wave Infantil Revers\u00edvel LED com Rattan Grade em Palito Casatema Natural\/Branco, clique e continue <strong>pesquisando&#8230;<\/strong><\/a><\/p>\n<hr \/>\n","protected":false},"excerpt":{"rendered":"<p>R$ 2170.75 nas lojas <a href=\"https:\/\/www.awin1.com\/pclick.php?p=44999524035&#038;a=690303&#038;m=100453\" target=\"_blank\" rel=\"sponsored\">Casa Tema BR<\/a><\/p>\n","protected":false},"author":1,"featured_media":0,"comment_status":"closed","ping_status":"closed","sticky":false,"template":"","format":"standard","meta":{"footnotes":""},"categories":[4],"tags":[8513,7432],"class_list":["post-76735","post","type-post","status-publish","format-standard","hentry","category-produtos","tag-2170-75","tag-casa-tema-br"],"_links":{"self":[{"href":"https:\/\/ezu.com.br\/lojas\/wp-json\/wp\/v2\/posts\/76735","targetHints":{"allow":["GET"]}}],"collection":[{"href":"https:\/\/ezu.com.br\/lojas\/wp-json\/wp\/v2\/posts"}],"about":[{"href":"https:\/\/ezu.com.br\/lojas\/wp-json\/wp\/v2\/types\/post"}],"author":[{"embeddable":true,"href":"https:\/\/ezu.com.br\/lojas\/wp-json\/wp\/v2\/users\/1"}],"replies":[{"embeddable":true,"href":"https:\/\/ezu.com.br\/lojas\/wp-json\/wp\/v2\/comments?post=76735"}],"version-history":[{"count":0,"href":"https:\/\/ezu.com.br\/lojas\/wp-json\/wp\/v2\/posts\/76735\/revisions"}],"wp:attachment":[{"href":"https:\/\/ezu.com.br\/lojas\/wp-json\/wp\/v2\/media?parent=76735"}],"wp:term":[{"taxonomy":"category","embeddable":true,"href":"https:\/\/ezu.com.br\/lojas\/wp-json\/wp\/v2\/categories?post=76735"},{"taxonomy":"post_tag","embeddable":true,"href":"https:\/\/ezu.com.br\/lojas\/wp-json\/wp\/v2\/tags?post=76735"}],"curies":[{"name":"wp","href":"https:\/\/api.w.org\/{rel}","templated":true}]}}