{"id":76641,"date":"2026-05-12T08:10:12","date_gmt":"2026-05-12T08:10:12","guid":{"rendered":"https:\/\/ezu.com.br\/lojas\/2026\/05\/guarda-roupa-modulado-2-portas-americanas-com-cabideiro-e-2-gavetas-hera-cabecasa-madeiraoriginals-branco-geada\/"},"modified":"2026-07-17T19:59:22","modified_gmt":"2026-07-17T19:59:22","slug":"guarda-roupa-modulado-2-portas-americanas-com-cabideiro-e-2-gavetas-hera-cabecasa-madeiraoriginals-branco-geada","status":"publish","type":"post","link":"https:\/\/ezu.com.br\/lojas\/2026\/05\/guarda-roupa-modulado-2-portas-americanas-com-cabideiro-e-2-gavetas-hera-cabecasa-madeiraoriginals-branco-geada\/","title":{"rendered":"Guarda-roupa Modulado 2 Portas Americanas com Cabideiro e 2 Gavetas Hera CabeCasa MadeiraOriginals Branco Geada"},"content":{"rendered":"<h2><\/h2>\n<h3>O pre\u00e7o de Guarda-roupa Modulado 2 Portas Americanas com Cabideiro e 2 Gavetas Hera CabeCasa MadeiraOriginals Branco Geada nas lojas online, no dia acima, era aproximadamente <strong>R$ BRL3462.11<\/strong>. Para informa\u00e7\u00f5es atualizadas, acesse este produto em dezenas de lojas dos marketplaces do Sistema Magalu:<\/h3>\n<p><a href=\"https:\/\/www.magazinevoce.com.br\/magazineezu\/busca\/Guarda-roupa Modulado 2 Portas Americanas com Cabideiro e 2 Gavetas Hera CabeCasa MadeiraOriginals Branco Geada\/\" target=\"_blank\" rel=\"noopener\"><img decoding=\"async\" src=\"https:\/\/casatema.vteximg.com.br\/arquivos\/ids\/925913_2\" alt=\"Guarda-roupa Modulado 2 Portas Americanas com Cabideiro e 2 Gavetas Hera CabeCasa MadeiraOriginals Branco Geada\" \/> &#8211; CLIQUE AQUI<\/a>.<br \/>\nGuarda-roupa Modulado 2 Portas Americanas com Cabideiro e 2 Gavetas Hera CabeCasa MadeiraOriginals Branco Geada  .body-casatema-use-internal { font-family: Arial, sans-serif; line-height: 1.6; } .container-casatema-use-internal { width: 80%; margin: 0 auto; padding: 20px; } .hx-casatema-use-internal { color: #333; } .ul-casatema-use-internal { list-style-type: none; padding: 0; } .li-casatema-use-internal { background: #f4f4f4; margin: 5px 0; padding: 10px; border-radius: 5px; } .highlight-casatema-use-internal { font-weight: bold; } .image-container-casatema-use-internal, .img-casatema-use-internal { width: 100%; height: auto; } \/* CSS para os atributos *\/ .table-attr-casatema-use-internal { border-spacing: 0px; width: 100%; } .table-attr-casatema-use-internal tr:nth-child(even) { background: #ffffff; } .table-attr-casatema-use-internal tr:nth-child(odd) { background: #dfede9; } .td-left-attr-casatema-use-internal { padding: 10px; width: 30%; font-weight: bold; } .td-right-attr-casatema-use-internal { padding: 10px; width: 70%; } .div-left-attr-casatema-use-internal { width: 100%; } .div-right-attr-casatema-use-internal { width: 100%; } .div-group-attr-casatema-use-internal { padding-bottom: 10px; } @media (min-width: 1224px) { .div-left-attr-casatema-use-internal { width: 49%; float: left; } .div-right-attr-casatema-use-internal { width: 49%; float: right; } }     Guarda-roupa Modulado 2 Portas Americanas com Cabideiro e 2 Gavetas Hera CabeCasa MadeiraOriginals Branco Geada. O Guarda Roupa Modular de 2 portas Americana Hera CabeCasa foi desenvolvido para trazer a experi\u00eancia de ter seu m\u00f3vel customizado de acordo com a necessidade do seu espa\u00e7o. O m\u00f3vel conta com um gaveteiro de 2 gavetas e um cabideiro que podem ser ajustados conforme a pr\u00e9 marca\u00e7\u00e3o na caixaria, evitando assim problemas para nivelamento dos mesmos. Com essa proposta, CabeCasa oferece para seus clientes a possibilidade pr\u00e1tica e custo-benef\u00edcio em oferecer uma linha de modulados que fa\u00e7a a fun\u00e7\u00e3o de um m\u00f3vel planejado. O cliente pode escolher entre os sete m\u00f3dulos dispon\u00edveis, em diferentes varia\u00e7\u00f5es de acabamentos, os que mais se adaptam ao seu gosto e ao seu dia a dia. Al\u00e9m disso, conta com design moderno que ir\u00e1 trazer muito mais sofistica\u00e7\u00e3o e aconchego para a decora\u00e7\u00e3o.!   Caracter\u00edsticasAmbiente PrincipalQuartoCorAlgod\u00e3oCor InternaBrancoCor PredominanteBrancoCor do ProdutoAlgod\u00e3oCor do PuxadorPretoEstiloModernoFabrica\u00e7\u00e3o Pr\u00f3priaSimGaveta com ChaveN\u00e3oLinha ou Cole\u00e7\u00e3oHeraMarcaCabeCasa MadeiraMadeiraModularSimOrigem do ProdutoNacionalPeso M\u00e1ximo por Gaveta5.0Possui CabideirosSimPossui EspelhosN\u00e3oPossui PrateleirasN\u00e3oPossui P\u00e9sRodap\u00e9Quantidade de Cabideiros01 CabideiroSapatas NiveladorasSimTipo de GavetaInternaTipo de Guarda-roupaCasalTipo de Puxador da GavetaN\u00e3o PossuiTipo de Puxador da PortaExternoDocumentos AdicionaisManual de Montagem e Instala\u00e7\u00e3oClique aqui para acessarGarantiaGarantia24 MesesMateriais e AcabamentosAcabamentoFinish FoilAcabamento da GavetaPinturaAcabamento da PortaFinish FoilEscala de BrilhoSemi-FoscoMaterial PrincipalMDPMaterial da GavetaMDF\/MDPMaterial da PortaMDFMaterial do Puxador da PortaMetalMaterial dos P\u00e9sMDFTipo de Corredi\u00e7a da GavetaMet\u00e1lica Telesc\u00f3picaTipo de Dobradi\u00e7a\/Corredi\u00e7a da PortaTelesc\u00f3picaMontagemNecessita MontagemSimOutras caracter\u00edsticasPossui Gavetas2Possui Portas2Pesos e Dimens\u00f5esAltura (cm)240.0Altura dos P\u00e9s8.0Espessura da Estrutura (mm)15.0Espessura do Fundo (mm)3.0Largura (cm)90.0Peso (kg)124.7Profundidade (cm)54.0<\/p>\n<p>345270610734255216077034432552166107<\/p>\n<hr \/>\n<p>Ainda n\u00e3o encontrou a melhor op\u00e7\u00e3o de compra? Oferecemos mais uma possibilidade de <strong>busca<\/strong> mais ampla para <a href=\"https:\/\/ecompare.com.br\/lojas\/resultados-da-pesquisa\/?q=Guarda-roupa Modulado 2 Portas Americanas com Cabideiro e 2 Gavetas Hera CabeCasa MadeiraOriginals Branco Geada#gsc.tab=0&amp;gsc.q=Guarda-roupa Modulado 2 Portas Americanas com Cabideiro e 2 Gavetas Hera CabeCasa MadeiraOriginals Branco Geada&amp;gsc.page=1\" target=\"_blank\" rel=\"noopener\">Guarda-roupa Modulado 2 Portas Americanas com Cabideiro e 2 Gavetas Hera CabeCasa MadeiraOriginals Branco Geada, clique e continue <strong>pesquisando&#8230;<\/strong><\/a><\/p>\n<hr \/>\n","protected":false},"excerpt":{"rendered":"<p>R$ 3462.11 nas lojas <a href=\"https:\/\/www.awin1.com\/pclick.php?p=44999524021&#038;a=690303&#038;m=100453\" target=\"_blank\" rel=\"sponsored\">Casa Tema BR<\/a><\/p>\n","protected":false},"author":1,"featured_media":0,"comment_status":"closed","ping_status":"closed","sticky":false,"template":"","format":"standard","meta":{"footnotes":""},"categories":[4],"tags":[8503,7432],"class_list":["post-76641","post","type-post","status-publish","format-standard","hentry","category-produtos","tag-3462-11","tag-casa-tema-br"],"_links":{"self":[{"href":"https:\/\/ezu.com.br\/lojas\/wp-json\/wp\/v2\/posts\/76641","targetHints":{"allow":["GET"]}}],"collection":[{"href":"https:\/\/ezu.com.br\/lojas\/wp-json\/wp\/v2\/posts"}],"about":[{"href":"https:\/\/ezu.com.br\/lojas\/wp-json\/wp\/v2\/types\/post"}],"author":[{"embeddable":true,"href":"https:\/\/ezu.com.br\/lojas\/wp-json\/wp\/v2\/users\/1"}],"replies":[{"embeddable":true,"href":"https:\/\/ezu.com.br\/lojas\/wp-json\/wp\/v2\/comments?post=76641"}],"version-history":[{"count":1,"href":"https:\/\/ezu.com.br\/lojas\/wp-json\/wp\/v2\/posts\/76641\/revisions"}],"predecessor-version":[{"id":76721,"href":"https:\/\/ezu.com.br\/lojas\/wp-json\/wp\/v2\/posts\/76641\/revisions\/76721"}],"wp:attachment":[{"href":"https:\/\/ezu.com.br\/lojas\/wp-json\/wp\/v2\/media?parent=76641"}],"wp:term":[{"taxonomy":"category","embeddable":true,"href":"https:\/\/ezu.com.br\/lojas\/wp-json\/wp\/v2\/categories?post=76641"},{"taxonomy":"post_tag","embeddable":true,"href":"https:\/\/ezu.com.br\/lojas\/wp-json\/wp\/v2\/tags?post=76641"}],"curies":[{"name":"wp","href":"https:\/\/api.w.org\/{rel}","templated":true}]}}