{"id":76444,"date":"2026-05-16T22:34:39","date_gmt":"2026-05-16T22:34:39","guid":{"rendered":"https:\/\/ezu.com.br\/lojas\/2026\/05\/guarda-roupa-infantil-premium-elara-138cm-2-portas-2-gavetas-minastex-branco\/"},"modified":"2026-05-16T22:34:39","modified_gmt":"2026-05-16T22:34:39","slug":"guarda-roupa-infantil-premium-elara-138cm-2-portas-2-gavetas-minastex-branco","status":"publish","type":"post","link":"https:\/\/ezu.com.br\/lojas\/2026\/05\/guarda-roupa-infantil-premium-elara-138cm-2-portas-2-gavetas-minastex-branco\/","title":{"rendered":"Guarda Roupa Infantil Premium Elara 138cm 2 Portas 2 Gavetas Minastex Branco"},"content":{"rendered":"<h2><\/h2>\n<h3>O pre\u00e7o de Guarda Roupa Infantil Premium Elara 138cm 2 Portas 2 Gavetas Minastex Branco nas lojas online, no dia acima, era aproximadamente <strong>R$ BRL1337.48<\/strong>. Para informa\u00e7\u00f5es atualizadas, acesse este produto em dezenas de lojas dos marketplaces do Sistema Magalu:<\/h3>\n<p><a href=\"https:\/\/www.magazinevoce.com.br\/magazineezu\/busca\/Guarda Roupa Infantil Premium Elara 138cm 2 Portas 2 Gavetas Minastex Branco\/\" target=\"_blank\" rel=\"noopener\"><img decoding=\"async\" src=\"https:\/\/casatema.vteximg.com.br\/arquivos\/ids\/906756_2\" alt=\"Guarda Roupa Infantil Premium Elara 138cm 2 Portas 2 Gavetas Minastex Branco\" \/> &#8211; CLIQUE AQUI<\/a>.<br \/>\nGuarda Roupa Infantil Premium Elara 138cm 2 Portas 2 Gavetas Minastex Branco  .body-casatema-use-internal { font-family: Arial, sans-serif; line-height: 1.6; } .container-casatema-use-internal { width: 80%; margin: 0 auto; padding: 20px; } .hx-casatema-use-internal { color: #333; } .ul-casatema-use-internal { list-style-type: none; padding: 0; } .li-casatema-use-internal { background: #f4f4f4; margin: 5px 0; padding: 10px; border-radius: 5px; } .highlight-casatema-use-internal { font-weight: bold; } .image-container-casatema-use-internal, .img-casatema-use-internal { width: 100%; height: auto; } \/* CSS para os atributos *\/ .table-attr-casatema-use-internal { border-spacing: 0px; width: 100%; } .table-attr-casatema-use-internal tr:nth-child(even) { background: #ffffff; } .table-attr-casatema-use-internal tr:nth-child(odd) { background: #dfede9; } .td-left-attr-casatema-use-internal { padding: 10px; width: 30%; font-weight: bold; } .td-right-attr-casatema-use-internal { padding: 10px; width: 70%; } .div-left-attr-casatema-use-internal { width: 100%; } .div-right-attr-casatema-use-internal { width: 100%; } .div-group-attr-casatema-use-internal { padding-bottom: 10px; } @media (min-width: 1224px) { .div-left-attr-casatema-use-internal { width: 49%; float: left; } .div-right-attr-casatema-use-internal { width: 49%; float: right; } }     Guarda Roupa Infantil Premium Elara 138cm 2 Portas 2 Gavetas Minastex Branco. O Guarda Roupa Infantil Premium Elara 138cm \u00e9 perfeito para quem busca praticidade e charme no quarto infantil. Com 2 portas e 2 gavetas, oferece espa\u00e7o ideal para organizar roupas e brinquedos. Seu design compacto e moderno, aliado ao acabamento impec\u00e1vel, cria um ambiente aconchegante para as crian\u00e7as. Ideal para quartos pequenos, o modelo otimiza o espa\u00e7o sem abrir m\u00e3o da eleg\u00e2ncia. Esse guarda-roupa combina beleza e funcionalidade, perfeito para acompanhar o crescimento do seu filho. Este modelo \u00e9 ideal para quartos pequenos? Sim, seu tamanho compacto o torna perfeito para otimizar espa\u00e7os menores. As gavetas t\u00eam bom espa\u00e7o para armazenar itens? Sim, as gavetas s\u00e3o espa\u00e7osas e oferecem organiza\u00e7\u00e3o eficiente para roupas e brinquedos.   Caracter\u00edsticasAmbiente PrincipalQuarto InfantilCor PredominanteBrancoCor da PortaBrancoCor do ProdutoBrancoEstiloModernoLinha ou Cole\u00e7\u00e3oElaraMarcaEspresso M\u00f3veisModularN\u00e3oOrigem do ProdutoNacionalPeso M\u00e1ximo por Gaveta6.0Peso M\u00e1ximo por Prateleira15.0Possui CabideirosSimPossui CalceirosN\u00e3oPossui CapelinhaN\u00e3oPossui Espa\u00e7o para Vestidos LongosN\u00e3oPossui Espelho InternoN\u00e3oPossui EspelhosN\u00e3oPossui GanchoN\u00e3oPossui GavetasSimPossui Organizador de GavetaN\u00e3oPossui PortasSimPossui PrateleirasSimPossui P\u00e9sN\u00e3oPossui SapateiraN\u00e3oQuantidade de Cabideiros03 CabideirosQuantidade de Gavetas02 GavetasQuantidade de Portas2 PortasQuantidade de Prateleiras02 PrateleirasSuporta At\u00e9 (kg)70.0Tipo de GavetaInternaTipo de Guarda-roupaSolteiroTipo de PortaCorrerTipo de Puxador da GavetaEmbutidoTipo de Puxador da PortaExternoDocumentos AdicionaisManual de Montagem e Instala\u00e7\u00e3oClique aqui para acessarGarantiaGarantia03 MesesItens InclusosItens Inclusos1 Guarda Roupa e Manual de Montagem.Materiais e AcabamentosAcabamento da GavetaPinturaAcabamento da PortaPinturaAcabamento da PrateleiraPinturaEscala de BrilhoSemi-BrilhoEscala de Brilho da GavetaSemi-BrilhoEscala de Brilho da PortaSemi-BrilhoEscala de Brilho da PrateleiraSemi-BrilhoMaterial PrincipalMDPMaterial da GavetaMDPMaterial da PortaMDPMaterial da PrateleiraMDPMaterial do Puxador da PortaAlum\u00ednioTipo de Corredi\u00e7a da GavetaMet\u00e1lica SimplesTipo de Dobradi\u00e7a\/Corredi\u00e7a da PortaAlum\u00ednioMontagemComplexidade da MontagemAlta: deve ser montado por um montador especializadoNecessita MontagemSimRecomenda\u00e7\u00f5es de Uso, Manuten\u00e7\u00e3o e LimpezaLimpar com flanela limpa e seca. N\u00e3o usar produtos abrasivos.Sistema de MontagemParafuso e minifixPesos e Dimens\u00f5esAltura (cm)218.0Espessura da Estrutura (mm)15.0Espessura das Portas (mm)15.0Espessura das Prateleiras (mm)15.0Espessura do Fundo (mm)3.0Espessura do Fundo das Gavetas (mm)15.0Largura (cm)138.0Peso (kg)93.5Profundidade (cm)53.5<\/p>\n<p>345270610734255216077034432552166107<\/p>\n<hr \/>\n<p>Ainda n\u00e3o encontrou a melhor op\u00e7\u00e3o de compra? Oferecemos mais uma possibilidade de <strong>busca<\/strong> mais ampla para <a href=\"https:\/\/ecompare.com.br\/lojas\/resultados-da-pesquisa\/?q=Guarda Roupa Infantil Premium Elara 138cm 2 Portas 2 Gavetas Minastex Branco#gsc.tab=0&amp;gsc.q=Guarda Roupa Infantil Premium Elara 138cm 2 Portas 2 Gavetas Minastex Branco&amp;gsc.page=1\" target=\"_blank\" rel=\"noopener\">Guarda Roupa Infantil Premium Elara 138cm 2 Portas 2 Gavetas Minastex Branco, clique e continue <strong>pesquisando&#8230;<\/strong><\/a><\/p>\n<hr \/>\n","protected":false},"excerpt":{"rendered":"<p>R$ 1337.48 nas lojas <a href=\"https:\/\/www.awin1.com\/pclick.php?p=44999523718&#038;a=690303&#038;m=100453\" target=\"_blank\" rel=\"sponsored\">Casa Tema BR<\/a><\/p>\n","protected":false},"author":1,"featured_media":0,"comment_status":"closed","ping_status":"closed","sticky":false,"template":"","format":"standard","meta":{"footnotes":""},"categories":[4],"tags":[7481,7432],"class_list":["post-76444","post","type-post","status-publish","format-standard","hentry","category-produtos","tag-1337-48","tag-casa-tema-br"],"_links":{"self":[{"href":"https:\/\/ezu.com.br\/lojas\/wp-json\/wp\/v2\/posts\/76444","targetHints":{"allow":["GET"]}}],"collection":[{"href":"https:\/\/ezu.com.br\/lojas\/wp-json\/wp\/v2\/posts"}],"about":[{"href":"https:\/\/ezu.com.br\/lojas\/wp-json\/wp\/v2\/types\/post"}],"author":[{"embeddable":true,"href":"https:\/\/ezu.com.br\/lojas\/wp-json\/wp\/v2\/users\/1"}],"replies":[{"embeddable":true,"href":"https:\/\/ezu.com.br\/lojas\/wp-json\/wp\/v2\/comments?post=76444"}],"version-history":[{"count":0,"href":"https:\/\/ezu.com.br\/lojas\/wp-json\/wp\/v2\/posts\/76444\/revisions"}],"wp:attachment":[{"href":"https:\/\/ezu.com.br\/lojas\/wp-json\/wp\/v2\/media?parent=76444"}],"wp:term":[{"taxonomy":"category","embeddable":true,"href":"https:\/\/ezu.com.br\/lojas\/wp-json\/wp\/v2\/categories?post=76444"},{"taxonomy":"post_tag","embeddable":true,"href":"https:\/\/ezu.com.br\/lojas\/wp-json\/wp\/v2\/tags?post=76444"}],"curies":[{"name":"wp","href":"https:\/\/api.w.org\/{rel}","templated":true}]}}