{"id":76387,"date":"2026-05-15T12:10:50","date_gmt":"2026-05-15T12:10:50","guid":{"rendered":"https:\/\/ezu.com.br\/lojas\/2026\/05\/guarda-roupa-de-bebe-15680cm-4-portas-com-janela-4-gavetas-100-mdf-maya-provencal-yescasa-branco-brilho-amendoa\/"},"modified":"2026-05-15T12:10:50","modified_gmt":"2026-05-15T12:10:50","slug":"guarda-roupa-de-bebe-15680cm-4-portas-com-janela-4-gavetas-100-mdf-maya-provencal-yescasa-branco-brilho-amendoa","status":"publish","type":"post","link":"https:\/\/ezu.com.br\/lojas\/2026\/05\/guarda-roupa-de-bebe-15680cm-4-portas-com-janela-4-gavetas-100-mdf-maya-provencal-yescasa-branco-brilho-amendoa\/","title":{"rendered":"Guarda-roupa de Beb\u00ea 156,80cm 4 Portas com Janela 4 Gavetas 100% Mdf Maya Proven\u00e7al Yescasa Branco Brilho\/Am\u00eandoa"},"content":{"rendered":"<h2><\/h2>\n<h3>O pre\u00e7o de Guarda-roupa de Beb\u00ea 156,80cm 4 Portas com Janela 4 Gavetas 100% Mdf Maya Proven\u00e7al Yescasa Branco Brilho\/Am\u00eandoa nas lojas online, no dia acima, era aproximadamente <strong>R$ BRL1574.98<\/strong>. Para informa\u00e7\u00f5es atualizadas, acesse este produto em dezenas de lojas dos marketplaces do Sistema Magalu:<\/h3>\n<p><a href=\"https:\/\/www.magazinevoce.com.br\/magazineezu\/busca\/Guarda-roupa de Beb\u00ea 156,80cm 4 Portas com Janela 4 Gavetas 100% Mdf Maya Proven\u00e7al Yescasa Branco Brilho\/Am\u00eandoa\/\" target=\"_blank\" rel=\"noopener\"><img decoding=\"async\" src=\"https:\/\/casatema.vteximg.com.br\/arquivos\/ids\/901484_2\" alt=\"Guarda-roupa de Beb\u00ea 156,80cm 4 Portas com Janela 4 Gavetas 100% Mdf Maya Proven\u00e7al Yescasa Branco Brilho\/Am\u00eandoa\" \/> &#8211; CLIQUE AQUI<\/a>.<br \/>\nGuarda-roupa de Beb\u00ea 156,80cm 4 Portas com Janela 4 Gavetas 100% Mdf Maya Proven\u00e7al Yescasa Branco Brilho\/Am\u00eandoa  .body-casatema-use-internal { font-family: Arial, sans-serif; line-height: 1.6; } .container-casatema-use-internal { width: 80%; margin: 0 auto; padding: 20px; } .hx-casatema-use-internal { color: #333; } .ul-casatema-use-internal { list-style-type: none; padding: 0; } .li-casatema-use-internal { background: #f4f4f4; margin: 5px 0; padding: 10px; border-radius: 5px; } .highlight-casatema-use-internal { font-weight: bold; } .image-container-casatema-use-internal, .img-casatema-use-internal { width: 100%; height: auto; } \/* CSS para os atributos *\/ .table-attr-casatema-use-internal { border-spacing: 0px; width: 100%; } .table-attr-casatema-use-internal tr:nth-child(even) { background: #ffffff; } .table-attr-casatema-use-internal tr:nth-child(odd) { background: #dfede9; } .td-left-attr-casatema-use-internal { padding: 10px; width: 30%; font-weight: bold; } .td-right-attr-casatema-use-internal { padding: 10px; width: 70%; } .div-left-attr-casatema-use-internal { width: 100%; } .div-right-attr-casatema-use-internal { width: 100%; } .div-group-attr-casatema-use-internal { padding-bottom: 10px; } @media (min-width: 1224px) { .div-left-attr-casatema-use-internal { width: 49%; float: left; } .div-right-attr-casatema-use-internal { width: 49%; float: right; } }     Guarda-roupa de Beb\u00ea 156,80cm 4 Portas com Janela 4 Gavetas 100% Mdf Maya Proven\u00e7al Yescasa Branco Brilho\/Am\u00eandoa. O guarda roupas infantil de estilo proven\u00e7al apresenta uma estrutura resistente em 100% MDF com acabamento em Pintura UV at\u00f3xica, priorizando a seguran\u00e7a de toda fam\u00edlia. Possui cabideiros met\u00e1licos, 4 gavetas com corredi\u00e7as telesc\u00f3picas para facilitar o acesso e portas com janelas em PETG cristal\/acr\u00edlico, permitindo a visibilidade do interior. Os p\u00e9s e puxadores em pl\u00e1stico garantem durabilidade e facilidade de manuten\u00e7\u00e3o, enquanto seu design cria um ambiente elegante e funcional no quarto dos pequenos.   Caracter\u00edsticasAmbiente PrincipalQuarto InfantilCorBranco\/Am\u00eandoaCor InternaLinhoCor PredominanteBrancoCor da PortaBrancoCor do ProdutoBranco Brilho\/Am\u00eandoaCor do PuxadorMarromEstiloProven\u00e7alFormato da Janela da PortaPol\u00edgonoGaveta com ChaveN\u00e3oInforma\u00e7\u00f5es Complementares (Novo)Cabideiros met\u00e1licos e Portas com Janela em PETG Cristal\/Acr\u00edlico.Pintura At\u00f3xica.Linha ou Cole\u00e7\u00e3oMaya Proven\u00e7alMarcaYescasaModularN\u00e3oNicho com CabideiroN\u00e3oOrigem do ProdutoNacionalPeso M\u00e1ximo por Gaveta4.0Peso M\u00e1ximo por Prateleira5.0Porta JaneladaSimPossui CabideirosSimPossui CalceirosN\u00e3oPossui CapelinhaN\u00e3oPossui Espa\u00e7o para Vestidos LongosN\u00e3oPossui Espelho InternoN\u00e3oPossui EspelhosN\u00e3oPossui GanchoN\u00e3oPossui GavetasSimPossui Ilumina\u00e7\u00e3oN\u00e3oPossui NichosN\u00e3oPossui Organizador de GavetaN\u00e3oPossui PenteadeiraN\u00e3oPossui PortasSimPossui PrateleirasSimPossui P\u00e9sSimPossui SapateiraN\u00e3oQuantidade de Cabideiros02 CabideirosQuantidade de EspelhosN\u00e3oQuantidade de Gavetas04 GavetasQuantidade de Portas4 PortasQuantidade de Prateleiras05 PrateleirasSapatas NiveladorasN\u00e3oSuporta At\u00e9 (kg)60.0Tipo de GavetaExternaTipo de Guarda-roupaBeb\u00eaTipo de PortaBaterTipo de Puxador da GavetaExternoTipo de Puxador da PortaExternoDocumentos AdicionaisManual de Montagem e Instala\u00e7\u00e3oClique aqui para acessarGarantiaGarantia03 MesesItens InclusosItens Inclusos1 Guarda Roupa, Kit Ferragens e Manual de MontagemMateriais e AcabamentosAcabamentoPintura UVAcabamento da GavetaPintura UVAcabamento da PortaPintura UVAcabamento da PrateleiraPintura UVAcabamento dos P\u00e9sPinturaEscala de BrilhoBrilhanteEscala de Brilho da GavetaBrilhanteEscala de Brilho da PortaBrilhanteEscala de Brilho da PrateleiraSemi-BrilhoMaterial PrincipalMDFMaterial da GavetaMDFMaterial da PortaMDFMaterial da PrateleiraMDFMaterial do Puxador da PortaPl\u00e1sticoTipo de Corredi\u00e7a da GavetaMet\u00e1lica Telesc\u00f3picaTipo de Dobradi\u00e7a\/Corredi\u00e7a da PortaTelesc\u00f3picaMontagemComplexidade da MontagemAlta: deve ser montado por um montador especializadoMontagem FlexPode ser montado com ou sem os p\u00e9sNecessita MontagemSimRecomenda\u00e7\u00f5es de Uso, Manuten\u00e7\u00e3o e LimpezaPara limpeza utilizar somente pano limpo e macio, ligeiramente umedecido em \u00e1gua (apenas o bastante para remover a poeira), seguido de um pano seco.Sistema de MontagemParafusos autoatarraxantes, conjuntos minifix, cavilhas de madeira, acess\u00f3rios pl\u00e1sticos e met\u00e1licosPesos e Dimens\u00f5esAltura (cm)231.1Altura dos P\u00e9s6.0Espessura da Estrutura (mm)12.0Espessura das Portas (mm)15.0Espessura das Prateleiras (mm)15.0Espessura do Fundo (mm)3.0Espessura do Fundo das Gavetas (mm)3.0Largura (cm)156.8Peso (kg)111.2Profundidade (cm)49.3<\/p>\n<p>345270610734255216077034432552166107<\/p>\n<hr \/>\n<p>Ainda n\u00e3o encontrou a melhor op\u00e7\u00e3o de compra? Oferecemos mais uma possibilidade de <strong>busca<\/strong> mais ampla para <a href=\"https:\/\/ecompare.com.br\/lojas\/resultados-da-pesquisa\/?q=Guarda-roupa de Beb\u00ea 156,80cm 4 Portas com Janela 4 Gavetas 100% Mdf Maya Proven\u00e7al Yescasa Branco Brilho\/Am\u00eandoa#gsc.tab=0&amp;gsc.q=Guarda-roupa de Beb\u00ea 156,80cm 4 Portas com Janela 4 Gavetas 100% Mdf Maya Proven\u00e7al Yescasa Branco Brilho\/Am\u00eandoa&amp;gsc.page=1\" target=\"_blank\" rel=\"noopener\">Guarda-roupa de Beb\u00ea 156,80cm 4 Portas com Janela 4 Gavetas 100% Mdf Maya Proven\u00e7al Yescasa Branco Brilho\/Am\u00eandoa, clique e continue <strong>pesquisando&#8230;<\/strong><\/a><\/p>\n<hr \/>\n","protected":false},"excerpt":{"rendered":"<p>R$ 1574.98 nas lojas <a href=\"https:\/\/www.awin1.com\/pclick.php?p=38605496839&#038;a=690303&#038;m=100453\" target=\"_blank\" rel=\"sponsored\">Casa Tema BR<\/a><\/p>\n","protected":false},"author":1,"featured_media":0,"comment_status":"closed","ping_status":"closed","sticky":false,"template":"","format":"standard","meta":{"footnotes":""},"categories":[4],"tags":[7655,7432],"class_list":["post-76387","post","type-post","status-publish","format-standard","hentry","category-produtos","tag-1574-98","tag-casa-tema-br"],"_links":{"self":[{"href":"https:\/\/ezu.com.br\/lojas\/wp-json\/wp\/v2\/posts\/76387","targetHints":{"allow":["GET"]}}],"collection":[{"href":"https:\/\/ezu.com.br\/lojas\/wp-json\/wp\/v2\/posts"}],"about":[{"href":"https:\/\/ezu.com.br\/lojas\/wp-json\/wp\/v2\/types\/post"}],"author":[{"embeddable":true,"href":"https:\/\/ezu.com.br\/lojas\/wp-json\/wp\/v2\/users\/1"}],"replies":[{"embeddable":true,"href":"https:\/\/ezu.com.br\/lojas\/wp-json\/wp\/v2\/comments?post=76387"}],"version-history":[{"count":0,"href":"https:\/\/ezu.com.br\/lojas\/wp-json\/wp\/v2\/posts\/76387\/revisions"}],"wp:attachment":[{"href":"https:\/\/ezu.com.br\/lojas\/wp-json\/wp\/v2\/media?parent=76387"}],"wp:term":[{"taxonomy":"category","embeddable":true,"href":"https:\/\/ezu.com.br\/lojas\/wp-json\/wp\/v2\/categories?post=76387"},{"taxonomy":"post_tag","embeddable":true,"href":"https:\/\/ezu.com.br\/lojas\/wp-json\/wp\/v2\/tags?post=76387"}],"curies":[{"name":"wp","href":"https:\/\/api.w.org\/{rel}","templated":true}]}}