{"id":76236,"date":"2026-06-04T02:43:37","date_gmt":"2026-06-04T02:43:37","guid":{"rendered":"https:\/\/ezu.com.br\/lojas\/2026\/06\/guarda-roupa-infantil-1-porta-sara-espresso-moveis-cinamomo-off-white\/"},"modified":"2026-06-04T02:43:37","modified_gmt":"2026-06-04T02:43:37","slug":"guarda-roupa-infantil-1-porta-sara-espresso-moveis-cinamomo-off-white","status":"publish","type":"post","link":"https:\/\/ezu.com.br\/lojas\/2026\/06\/guarda-roupa-infantil-1-porta-sara-espresso-moveis-cinamomo-off-white\/","title":{"rendered":"Guarda-roupa Infantil 1 Porta Sara Espresso M\u00f3veis Cinamomo\/Off White"},"content":{"rendered":"<h2><\/h2>\n<h3>O pre\u00e7o de Guarda-roupa Infantil 1 Porta Sara Espresso M\u00f3veis Cinamomo\/Off White nas lojas online, no dia acima, era aproximadamente <strong>R$ BRL418.73<\/strong>. Para informa\u00e7\u00f5es atualizadas, acesse este produto em dezenas de lojas dos marketplaces do Sistema Magalu:<\/h3>\n<p><a href=\"https:\/\/www.magazinevoce.com.br\/magazineezu\/busca\/Guarda-roupa Infantil 1 Porta Sara Espresso M\u00f3veis Cinamomo\/Off White\/\" target=\"_blank\" rel=\"noopener\"><img decoding=\"async\" src=\"https:\/\/casatema.vteximg.com.br\/arquivos\/ids\/896640_2\" alt=\"Guarda-roupa Infantil 1 Porta Sara Espresso M\u00f3veis Cinamomo\/Off White\" \/> &#8211; CLIQUE AQUI<\/a>.<br \/>\nGuarda-roupa Infantil 1 Porta Sara Espresso M\u00f3veis Cinamomo\/Off White  .body-casatema-use-internal { font-family: Arial, sans-serif; line-height: 1.6; } .container-casatema-use-internal { width: 80%; margin: 0 auto; padding: 20px; } .hx-casatema-use-internal { color: #333; } .ul-casatema-use-internal { list-style-type: none; padding: 0; } .li-casatema-use-internal { background: #f4f4f4; margin: 5px 0; padding: 10px; border-radius: 5px; } .highlight-casatema-use-internal { font-weight: bold; } .image-container-casatema-use-internal, .img-casatema-use-internal { width: 100%; height: auto; } \/* CSS para os atributos *\/ .table-attr-casatema-use-internal { border-spacing: 0px; width: 100%; } .table-attr-casatema-use-internal tr:nth-child(even) { background: #ffffff; } .table-attr-casatema-use-internal tr:nth-child(odd) { background: #dfede9; } .td-left-attr-casatema-use-internal { padding: 10px; width: 30%; font-weight: bold; } .td-right-attr-casatema-use-internal { padding: 10px; width: 70%; } .div-left-attr-casatema-use-internal { width: 100%; } .div-right-attr-casatema-use-internal { width: 100%; } .div-group-attr-casatema-use-internal { padding-bottom: 10px; } @media (min-width: 1224px) { .div-left-attr-casatema-use-internal { width: 49%; float: left; } .div-right-attr-casatema-use-internal { width: 49%; float: right; } }     Guarda-roupa Infantil 1 Porta Sara Espresso M\u00f3veis Cinamomo\/Off White. O Guarda-Roupa Infantil Sara \u00e9 projetado com laterais, divis\u00f3rias, chap\u00e9us, prateleiras e porta feitos de MDP de 12mm de espessura, garantindo durabilidade e resist\u00eancia. O fundo \u00e9 constru\u00eddo em MDF de 3mm, proporcionando estabilidade adicional. Equipado com um puxador ABS cromado para facilitar a abertura e fechamento, al\u00e9m de apresentar pintura UV fosca que confere um acabamento elegante e contempor\u00e2neo. Seu interior \u00e9 adornado com um moderno padr\u00e3o de cor, elevando o estilo do ambiente. Com distribui\u00e7\u00e3o interna otimizada, o Guarda-Roupa Infantil Sara oferece praticidade e funcionalidade para atender \u00e0s suas necessidades de organiza\u00e7\u00e3o. Ideal para o quarto das crian\u00e7as, proporciona um ambiente organizado e charmoso para os pequenos.!   Caracter\u00edsticasAmbiente PrincipalQuarto InfantilCorCinamomo\/Off WhiteCor PredominanteBegeCor do ProdutoCinamomo\/Off WhiteEstiloModernoLinha ou Cole\u00e7\u00e3oSaraMarcaEspresso M\u00f3veisModularN\u00e3oOrigem do ProdutoNacionalPeso M\u00e1ximo por Prateleira5.0Possui CabideirosN\u00e3oPossui CalceirosN\u00e3oPossui EspelhosN\u00e3oPossui GavetasN\u00e3oPossui PortasSimPossui PrateleirasSimPossui P\u00e9sN\u00e3oQuantidade de EspelhosN\u00e3oQuantidade de GavetasN\u00e3o PossuiQuantidade de Portas1 PortaQuantidade de Prateleiras01 PrateleiraTipo de Guarda-roupaInfantilTipo de PortaBaterTipo de Puxador da PortaExternoPesos e Dimens\u00f5esAltura (cm)174.1Espessura do Fundo (mm)3.0Largura (cm)75.5Peso (kg)35.0Profundidade (cm)35.0Documentos AdicionaisManual de Montagem e Instala\u00e7\u00e3oClique aqui para acessarGarantiaGarantia03 MesesItens InclusosItens InclusosGuarda Roupa, Kit Ferragens e Manual de MontagemMateriais e AcabamentosAcabamentoPintura UVAcabamento da PortaPintura UVAcabamento da PrateleiraPintura UVEscala de BrilhoFoscoEscala de Brilho da PortaFoscoEscala de Brilho da PrateleiraFoscoMaterial PrincipalMDPMaterial da PortaMDPMaterial da PrateleiraMDPMaterial do Puxador da PortaABSTipo de Dobradi\u00e7a\/Corredi\u00e7a da PortaSimplesMontagemComplexidade da MontagemM\u00e9dia: pode ser montado por mais de uma pessoa e\/ou necessite de maior conhecimento para montagemNecessita MontagemSimRecomenda\u00e7\u00f5es de Uso, Manuten\u00e7\u00e3o e Limpezapano levemente \u00famidoSistema de Montagemparafusos, cavilhas e cantoneirasOutras caracter\u00edsticasAmbiente PrincipalQuarto InfantilPossui Portas1Possui Prateleiras7<\/p>\n<p>345270610734255216077034432552166107<\/p>\n<hr \/>\n<p>Ainda n\u00e3o encontrou a melhor op\u00e7\u00e3o de compra? Oferecemos mais uma possibilidade de <strong>busca<\/strong> mais ampla para <a href=\"https:\/\/ecompare.com.br\/lojas\/resultados-da-pesquisa\/?q=Guarda-roupa Infantil 1 Porta Sara Espresso M\u00f3veis Cinamomo\/Off White#gsc.tab=0&amp;gsc.q=Guarda-roupa Infantil 1 Porta Sara Espresso M\u00f3veis Cinamomo\/Off White&amp;gsc.page=1\" target=\"_blank\" rel=\"noopener\">Guarda-roupa Infantil 1 Porta Sara Espresso M\u00f3veis Cinamomo\/Off White, clique e continue <strong>pesquisando&#8230;<\/strong><\/a><\/p>\n<hr \/>\n","protected":false},"excerpt":{"rendered":"<p>R$ 418.73 nas lojas <a href=\"https:\/\/www.awin1.com\/pclick.php?p=38605496572&#038;a=690303&#038;m=100453\" target=\"_blank\" rel=\"sponsored\">Casa Tema BR<\/a><\/p>\n","protected":false},"author":1,"featured_media":0,"comment_status":"closed","ping_status":"closed","sticky":false,"template":"","format":"standard","meta":{"footnotes":""},"categories":[4],"tags":[7568,7432],"class_list":["post-76236","post","type-post","status-publish","format-standard","hentry","category-produtos","tag-418-73","tag-casa-tema-br"],"_links":{"self":[{"href":"https:\/\/ezu.com.br\/lojas\/wp-json\/wp\/v2\/posts\/76236","targetHints":{"allow":["GET"]}}],"collection":[{"href":"https:\/\/ezu.com.br\/lojas\/wp-json\/wp\/v2\/posts"}],"about":[{"href":"https:\/\/ezu.com.br\/lojas\/wp-json\/wp\/v2\/types\/post"}],"author":[{"embeddable":true,"href":"https:\/\/ezu.com.br\/lojas\/wp-json\/wp\/v2\/users\/1"}],"replies":[{"embeddable":true,"href":"https:\/\/ezu.com.br\/lojas\/wp-json\/wp\/v2\/comments?post=76236"}],"version-history":[{"count":0,"href":"https:\/\/ezu.com.br\/lojas\/wp-json\/wp\/v2\/posts\/76236\/revisions"}],"wp:attachment":[{"href":"https:\/\/ezu.com.br\/lojas\/wp-json\/wp\/v2\/media?parent=76236"}],"wp:term":[{"taxonomy":"category","embeddable":true,"href":"https:\/\/ezu.com.br\/lojas\/wp-json\/wp\/v2\/categories?post=76236"},{"taxonomy":"post_tag","embeddable":true,"href":"https:\/\/ezu.com.br\/lojas\/wp-json\/wp\/v2\/tags?post=76236"}],"curies":[{"name":"wp","href":"https:\/\/api.w.org\/{rel}","templated":true}]}}