{"id":76017,"date":"2026-05-17T21:20:24","date_gmt":"2026-05-17T21:20:24","guid":{"rendered":"https:\/\/ezu.com.br\/lojas\/2026\/05\/cama-infantil-montessoriana-com-cama-auxiliar-2-colchoes-branco-rosa\/"},"modified":"2026-05-17T21:20:24","modified_gmt":"2026-05-17T21:20:24","slug":"cama-infantil-montessoriana-com-cama-auxiliar-2-colchoes-branco-rosa","status":"publish","type":"post","link":"https:\/\/ezu.com.br\/lojas\/2026\/05\/cama-infantil-montessoriana-com-cama-auxiliar-2-colchoes-branco-rosa\/","title":{"rendered":"Cama Infantil Montessoriana com Cama Auxiliar 2 Colch\u00f5es Branco\/Rosa"},"content":{"rendered":"<h2><\/h2>\n<h3>O pre\u00e7o de Cama Infantil Montessoriana com Cama Auxiliar 2 Colch\u00f5es Branco\/Rosa nas lojas online, no dia acima, era aproximadamente <strong>R$ BRL1737.48<\/strong>. Para informa\u00e7\u00f5es atualizadas, acesse este produto em dezenas de lojas dos marketplaces do Sistema Magalu:<\/h3>\n<p><a href=\"https:\/\/www.magazinevoce.com.br\/magazineezu\/busca\/Cama Infantil Montessoriana com Cama Auxiliar 2 Colch\u00f5es Branco\/Rosa\/\" target=\"_blank\" rel=\"noopener\"><img decoding=\"async\" src=\"https:\/\/casatema.vteximg.com.br\/arquivos\/ids\/890179_2\" alt=\"Cama Infantil Montessoriana com Cama Auxiliar 2 Colch\u00f5es Branco\/Rosa\" \/> &#8211; CLIQUE AQUI<\/a>.<br \/>\nCama Infantil Montessoriana com Cama Auxiliar 2 Colch\u00f5es Branco\/Rosa  .body-casatema-use-internal { font-family: Arial, sans-serif; line-height: 1.6; } .container-casatema-use-internal { width: 80%; margin: 0 auto; padding: 20px; } .hx-casatema-use-internal { color: #333; } .ul-casatema-use-internal { list-style-type: none; padding: 0; } .li-casatema-use-internal { background: #f4f4f4; margin: 5px 0; padding: 10px; border-radius: 5px; } .highlight-casatema-use-internal { font-weight: bold; } .image-container-casatema-use-internal, .img-casatema-use-internal { width: 100%; height: auto; } \/* CSS para os atributos *\/ .table-attr-casatema-use-internal { border-spacing: 0px; width: 100%; } .table-attr-casatema-use-internal tr:nth-child(even) { background: #ffffff; } .table-attr-casatema-use-internal tr:nth-child(odd) { background: #dfede9; } .td-left-attr-casatema-use-internal { padding: 10px; width: 30%; font-weight: bold; } .td-right-attr-casatema-use-internal { padding: 10px; width: 70%; } .div-left-attr-casatema-use-internal { width: 100%; } .div-right-attr-casatema-use-internal { width: 100%; } .div-group-attr-casatema-use-internal { padding-bottom: 10px; } @media (min-width: 1224px) { .div-left-attr-casatema-use-internal { width: 49%; float: left; } .div-right-attr-casatema-use-internal { width: 49%; float: right; } }     Cama Infantil Montessoriana com Cama Auxiliar 2 Colch\u00f5es Branco\/Rosa. O quarto da sua crian\u00e7a ficar\u00e1 ainda mais charmoso com a nossa Cama Infantil Montessoriana da Completa M\u00f3veis. O conceito Montessori traz o melhor do estilo para o quarto de beb\u00ea ou infantil. Um conceito l\u00fadico para estimular a autonomia e aperfei\u00e7oar o potencial criativo das crian\u00e7as desde a primeira inf\u00e2ncia. Com grades laterais de prote\u00e7\u00e3o e com cantos arredondados, propicia mais seguran\u00e7a pro seu pequeno. Para completar e tornar o produto, acompanha a cama auxiliar, permitindo que tanto os pais quanto aquele amiguinho possam passar uma noite super legal. Rod\u00edzios na cama auxiliar que facilitam sua movimenta\u00e7\u00e3o. Opcional em v\u00e1rias combina\u00e7\u00f5es de cores, confira! O produto \u00e9 entregue desmontado. Acompanha Colch\u00f5es de Solteiro 78cm x 188cm   Caracter\u00edsticasAmbiente PrincipalQuarto InfantilCama Auxiliar Suporta At\u00e9 (kg)80.0CorBranco\/RosaEstiloModernoGaveta com ChaveN\u00e3oLinha ou Cole\u00e7\u00e3oLinha InfantoMarcaCompleta M\u00f3veisO Conjunto Cont\u00e9mCama\/Cama auxiliarOrigem do ProdutoNacionalPermite a Utiliza\u00e7\u00e3o de Cama AuxiliarSimPeso M\u00e1ximo por Gaveta25.0Possui Ba\u00faN\u00e3oPossui GavetasN\u00e3oPossui PortasN\u00e3oPossui PrateleirasN\u00e3oPossui P\u00e9sN\u00e3oSuporta At\u00e9 (kg)80.0Tamanho da CamaSolteiroTamanho do Colch\u00e3oSolteiroTamanho do Colch\u00e3o (LxC)078\u00d7188 Solteiro MenorTamanho do Colch\u00e3o Indicado (L x C)78cm x 188cmTipo de CamaMontessorianaGarantiaGarantia06 MesesItens InclusosAcompanha CabeceiraSimAcompanha Cama AuxiliarSimAcompanha Colch\u00e3oSimMateriais e AcabamentosAcabamentoFinish FoilAcabamento da GavetaFinish FoilMaterial PrincipalMDPMaterial da GavetaMDPMontagemComplexidade da MontagemBaixa: pode ser montado por uma pessoa sozinhaNecessita MontagemSimRecomenda\u00e7\u00f5es de Uso, Manuten\u00e7\u00e3o e LimpezaUse um pano levemente umedecido com \u00e1gua, seguido de pano seco. N\u00e3o utilize produtos qu\u00edmicos ou abrasivos.Outras caracter\u00edsticasAmbientenullPesos e Dimens\u00f5esAltura (cm)163.0Comprimento (cm)188.0Largura (cm)78.0<\/p>\n<p>345270610734255216077034432552166107<\/p>\n<hr \/>\n<p>Ainda n\u00e3o encontrou a melhor op\u00e7\u00e3o de compra? Oferecemos mais uma possibilidade de <strong>busca<\/strong> mais ampla para <a href=\"https:\/\/ecompare.com.br\/lojas\/resultados-da-pesquisa\/?q=Cama Infantil Montessoriana com Cama Auxiliar 2 Colch\u00f5es Branco\/Rosa#gsc.tab=0&amp;gsc.q=Cama Infantil Montessoriana com Cama Auxiliar 2 Colch\u00f5es Branco\/Rosa&amp;gsc.page=1\" target=\"_blank\" rel=\"noopener\">Cama Infantil Montessoriana com Cama Auxiliar 2 Colch\u00f5es Branco\/Rosa, clique e continue <strong>pesquisando&#8230;<\/strong><\/a><\/p>\n<hr \/>\n","protected":false},"excerpt":{"rendered":"<p>R$ 1737.48 nas lojas <a href=\"https:\/\/www.awin1.com\/pclick.php?p=38605496208&#038;a=690303&#038;m=100453\" target=\"_blank\" rel=\"sponsored\">Casa Tema BR<\/a><\/p>\n","protected":false},"author":1,"featured_media":0,"comment_status":"closed","ping_status":"closed","sticky":false,"template":"","format":"standard","meta":{"footnotes":""},"categories":[4],"tags":[7658,7432],"class_list":["post-76017","post","type-post","status-publish","format-standard","hentry","category-produtos","tag-1737-48","tag-casa-tema-br"],"_links":{"self":[{"href":"https:\/\/ezu.com.br\/lojas\/wp-json\/wp\/v2\/posts\/76017","targetHints":{"allow":["GET"]}}],"collection":[{"href":"https:\/\/ezu.com.br\/lojas\/wp-json\/wp\/v2\/posts"}],"about":[{"href":"https:\/\/ezu.com.br\/lojas\/wp-json\/wp\/v2\/types\/post"}],"author":[{"embeddable":true,"href":"https:\/\/ezu.com.br\/lojas\/wp-json\/wp\/v2\/users\/1"}],"replies":[{"embeddable":true,"href":"https:\/\/ezu.com.br\/lojas\/wp-json\/wp\/v2\/comments?post=76017"}],"version-history":[{"count":0,"href":"https:\/\/ezu.com.br\/lojas\/wp-json\/wp\/v2\/posts\/76017\/revisions"}],"wp:attachment":[{"href":"https:\/\/ezu.com.br\/lojas\/wp-json\/wp\/v2\/media?parent=76017"}],"wp:term":[{"taxonomy":"category","embeddable":true,"href":"https:\/\/ezu.com.br\/lojas\/wp-json\/wp\/v2\/categories?post=76017"},{"taxonomy":"post_tag","embeddable":true,"href":"https:\/\/ezu.com.br\/lojas\/wp-json\/wp\/v2\/tags?post=76017"}],"curies":[{"name":"wp","href":"https:\/\/api.w.org\/{rel}","templated":true}]}}