{"id":75950,"date":"2026-06-16T21:30:08","date_gmt":"2026-06-16T21:30:08","guid":{"rendered":"https:\/\/ezu.com.br\/lojas\/2026\/06\/cadeira-infantil-eames-braco-polipropileno-base-madeira-eiffel-espresso-moveis-amarelo\/"},"modified":"2026-06-16T21:30:08","modified_gmt":"2026-06-16T21:30:08","slug":"cadeira-infantil-eames-braco-polipropileno-base-madeira-eiffel-espresso-moveis-amarelo","status":"publish","type":"post","link":"https:\/\/ezu.com.br\/lojas\/2026\/06\/cadeira-infantil-eames-braco-polipropileno-base-madeira-eiffel-espresso-moveis-amarelo\/","title":{"rendered":"Cadeira Infantil Eames Bra\u00e7o Polipropileno Base Madeira Eiffel Espresso M\u00f3veis Amarelo"},"content":{"rendered":"<h2><\/h2>\n<h3>O pre\u00e7o de Cadeira Infantil Eames Bra\u00e7o Polipropileno Base Madeira Eiffel Espresso M\u00f3veis Amarelo nas lojas online, no dia acima, era aproximadamente <strong>R$ BRL281.23<\/strong>. Para informa\u00e7\u00f5es atualizadas, acesse este produto em dezenas de lojas dos marketplaces do Sistema Magalu:<\/h3>\n<p><a href=\"https:\/\/www.magazinevoce.com.br\/magazineezu\/busca\/Cadeira Infantil Eames Bra\u00e7o Polipropileno Base Madeira Eiffel Espresso M\u00f3veis Amarelo\/\" target=\"_blank\" rel=\"noopener\"><img decoding=\"async\" src=\"https:\/\/casatema.vteximg.com.br\/arquivos\/ids\/886502_2\" alt=\"Cadeira Infantil Eames Bra\u00e7o Polipropileno Base Madeira Eiffel Espresso M\u00f3veis Amarelo\" \/> &#8211; CLIQUE AQUI<\/a>.<br \/>\nCadeira Infantil Eames Bra\u00e7o Polipropileno Base Madeira Eiffel Espresso M\u00f3veis Amarelo  .body-casatema-use-internal { font-family: Arial, sans-serif; line-height: 1.6; } .container-casatema-use-internal { width: 80%; margin: 0 auto; padding: 20px; } .hx-casatema-use-internal { color: #333; } .ul-casatema-use-internal { list-style-type: none; padding: 0; } .li-casatema-use-internal { background: #f4f4f4; margin: 5px 0; padding: 10px; border-radius: 5px; } .highlight-casatema-use-internal { font-weight: bold; } .image-container-casatema-use-internal, .img-casatema-use-internal { width: 100%; height: auto; } \/* CSS para os atributos *\/ .table-attr-casatema-use-internal { border-spacing: 0px; width: 100%; } .table-attr-casatema-use-internal tr:nth-child(even) { background: #ffffff; } .table-attr-casatema-use-internal tr:nth-child(odd) { background: #dfede9; } .td-left-attr-casatema-use-internal { padding: 10px; width: 30%; font-weight: bold; } .td-right-attr-casatema-use-internal { padding: 10px; width: 70%; } .div-left-attr-casatema-use-internal { width: 100%; } .div-right-attr-casatema-use-internal { width: 100%; } .div-group-attr-casatema-use-internal { padding-bottom: 10px; } @media (min-width: 1224px) { .div-left-attr-casatema-use-internal { width: 49%; float: left; } .div-right-attr-casatema-use-internal { width: 49%; float: right; } }     Cadeira Infantil Eames Bra\u00e7o Polipropileno Base Madeira Eiffel Espresso M\u00f3veis Amarelo. Inspirada na cadeira de Charles Eames, ela \u00e9 a melhor maneira de estilizar o quarto das crian\u00e7as. Essa cadeira segue o m\u00e9todo montessoriano, concedendo autonomia e liberdade individual para as crian\u00e7as. Adaptada ao tamanho infantil, essa cadeira \u00e9 muito leve, podendo ser movimentada livremente de acordo com a atividade que est\u00e1 realizando.   Atributos em an\u00e1liseTonalidadeAmareloGarantiaGarantia03 MesesItens InclusosItens Inclusos1 Cadeira, Kit Ferragens e Manual de Montagem.Materiais e AcabamentosAcabamento da EstruturaPolipropilenoEscala de BrilhoSemi-BrilhoMaterial da BaseMadeiraMaterial da EstruturaPolipropilenoRevestimento do AssentoPolipropilenoRevestimento do EncostoPolipropilenoPesos e Dimens\u00f5esAltura (cm)56.0Largura (cm)31.0Peso (kg)1.8Profundidade (cm)35.0Caracter\u00edsticasAmbienteQuarto InfantilCorAmareloCor PredominanteAmareloEstrutura do AssentoPolipropilenoEstrutura do EncostoPolipropilenoLinha ou Cole\u00e7\u00e3oEiffelMarcaEspresso M\u00f3veisSuporta At\u00e9 (kg)40.0Tipo de AssentoFixoTipo de EncostoFixoMontagemComplexidade da MontagemBaixa: pode ser montado por uma pessoa sozinhaNecessita MontagemSimRecomenda\u00e7\u00f5es de Uso, Manuten\u00e7\u00e3o e LimpezaPano um pouco \u00famidoSistema de MontagemAssento base madeira com parafusos.<\/p>\n<p>345270610734255216077034432552166107<\/p>\n<hr \/>\n<p>Ainda n\u00e3o encontrou a melhor op\u00e7\u00e3o de compra? Oferecemos mais uma possibilidade de <strong>busca<\/strong> mais ampla para <a href=\"https:\/\/ecompare.com.br\/lojas\/resultados-da-pesquisa\/?q=Cadeira Infantil Eames Bra\u00e7o Polipropileno Base Madeira Eiffel Espresso M\u00f3veis Amarelo#gsc.tab=0&amp;gsc.q=Cadeira Infantil Eames Bra\u00e7o Polipropileno Base Madeira Eiffel Espresso M\u00f3veis Amarelo&amp;gsc.page=1\" target=\"_blank\" rel=\"noopener\">Cadeira Infantil Eames Bra\u00e7o Polipropileno Base Madeira Eiffel Espresso M\u00f3veis Amarelo, clique e continue <strong>pesquisando&#8230;<\/strong><\/a><\/p>\n<hr \/>\n","protected":false},"excerpt":{"rendered":"<p>R$ 281.23 nas lojas <a href=\"https:\/\/www.awin1.com\/pclick.php?p=44999523600&#038;a=690303&#038;m=100453\" target=\"_blank\" rel=\"sponsored\">Casa Tema BR<\/a><\/p>\n","protected":false},"author":1,"featured_media":0,"comment_status":"closed","ping_status":"closed","sticky":false,"template":"","format":"standard","meta":{"footnotes":""},"categories":[4],"tags":[7530,7432],"class_list":["post-75950","post","type-post","status-publish","format-standard","hentry","category-produtos","tag-281-23","tag-casa-tema-br"],"_links":{"self":[{"href":"https:\/\/ezu.com.br\/lojas\/wp-json\/wp\/v2\/posts\/75950","targetHints":{"allow":["GET"]}}],"collection":[{"href":"https:\/\/ezu.com.br\/lojas\/wp-json\/wp\/v2\/posts"}],"about":[{"href":"https:\/\/ezu.com.br\/lojas\/wp-json\/wp\/v2\/types\/post"}],"author":[{"embeddable":true,"href":"https:\/\/ezu.com.br\/lojas\/wp-json\/wp\/v2\/users\/1"}],"replies":[{"embeddable":true,"href":"https:\/\/ezu.com.br\/lojas\/wp-json\/wp\/v2\/comments?post=75950"}],"version-history":[{"count":0,"href":"https:\/\/ezu.com.br\/lojas\/wp-json\/wp\/v2\/posts\/75950\/revisions"}],"wp:attachment":[{"href":"https:\/\/ezu.com.br\/lojas\/wp-json\/wp\/v2\/media?parent=75950"}],"wp:term":[{"taxonomy":"category","embeddable":true,"href":"https:\/\/ezu.com.br\/lojas\/wp-json\/wp\/v2\/categories?post=75950"},{"taxonomy":"post_tag","embeddable":true,"href":"https:\/\/ezu.com.br\/lojas\/wp-json\/wp\/v2\/tags?post=75950"}],"curies":[{"name":"wp","href":"https:\/\/api.w.org\/{rel}","templated":true}]}}