{"id":75596,"date":"2026-06-04T00:02:40","date_gmt":"2026-06-04T00:02:40","guid":{"rendered":"https:\/\/ezu.com.br\/lojas\/2026\/06\/guarda-roupa-solteiro-retro-3-portas-2-gavetas-alpi-branco\/"},"modified":"2026-06-04T00:02:40","modified_gmt":"2026-06-04T00:02:40","slug":"guarda-roupa-solteiro-retro-3-portas-2-gavetas-alpi-branco","status":"publish","type":"post","link":"https:\/\/ezu.com.br\/lojas\/2026\/06\/guarda-roupa-solteiro-retro-3-portas-2-gavetas-alpi-branco\/","title":{"rendered":"Guarda Roupa Solteiro Retr\u00f4 3 Portas 2 Gavetas Alpi Branco"},"content":{"rendered":"<h2><\/h2>\n<h3>O pre\u00e7o de Guarda Roupa Solteiro Retr\u00f4 3 Portas 2 Gavetas Alpi Branco nas lojas online, no dia acima, era aproximadamente <strong>R$ BRL1162.48<\/strong>. Para informa\u00e7\u00f5es atualizadas, acesse este produto em dezenas de lojas dos marketplaces do Sistema Magalu:<\/h3>\n<p><a href=\"https:\/\/www.magazinevoce.com.br\/magazineezu\/busca\/Guarda Roupa Solteiro Retr\u00f4 3 Portas 2 Gavetas Alpi Branco\/\" target=\"_blank\" rel=\"noopener\"><img decoding=\"async\" src=\"https:\/\/casatema.vteximg.com.br\/arquivos\/ids\/876947_2\" alt=\"Guarda Roupa Solteiro Retr\u00f4 3 Portas 2 Gavetas Alpi Branco\" \/> &#8211; CLIQUE AQUI<\/a>.<br \/>\nGuarda Roupa Solteiro Retr\u00f4 3 Portas 2 Gavetas Alpi Branco  .body-casatema-use-internal { font-family: Arial, sans-serif; line-height: 1.6; } .container-casatema-use-internal { width: 80%; margin: 0 auto; padding: 20px; } .hx-casatema-use-internal { color: #333; } .ul-casatema-use-internal { list-style-type: none; padding: 0; } .li-casatema-use-internal { background: #f4f4f4; margin: 5px 0; padding: 10px; border-radius: 5px; } .highlight-casatema-use-internal { font-weight: bold; } .image-container-casatema-use-internal, .img-casatema-use-internal { width: 100%; height: auto; } \/* CSS para os atributos *\/ .table-attr-casatema-use-internal { border-spacing: 0px; width: 100%; } .table-attr-casatema-use-internal tr:nth-child(even) { background: #ffffff; } .table-attr-casatema-use-internal tr:nth-child(odd) { background: #dfede9; } .td-left-attr-casatema-use-internal { padding: 10px; width: 30%; font-weight: bold; } .td-right-attr-casatema-use-internal { padding: 10px; width: 70%; } .div-left-attr-casatema-use-internal { width: 100%; } .div-right-attr-casatema-use-internal { width: 100%; } .div-group-attr-casatema-use-internal { padding-bottom: 10px; } @media (min-width: 1224px) { .div-left-attr-casatema-use-internal { width: 49%; float: left; } .div-right-attr-casatema-use-internal { width: 49%; float: right; } }     Guarda Roupa Solteiro Retr\u00f4 3 Portas 2 Gavetas Alpi Branco. O Guarda- Roupa Retr\u00f4 Alpi possui um design com charme e eleg\u00e2ncia nas gavetas e portas, com um detalhe usinado no MDF para servir como puxadores. Produzido em MDP e MDF de 15 mm, possui duas gavetas com refor\u00e7o interno, tr\u00eas portas, tr\u00eas prateleiras, suporte para cabides em alum\u00ednio, dobradi\u00e7as e corredi\u00e7as met\u00e1licas e fundos embutidos para dar mais estrutura ao produto. Possui um espa\u00e7o \u00f3timo para acomodar roupas, acess\u00f3rios e objetos. Os p\u00e9s s\u00e3o chassi deixando o produto robusto e com classe.!   Caracter\u00edsticasAmbiente PrincipalQuarto InfantilCorBrancoCor InternaBrancoCor PredominanteBrancoCor do ProdutoBrancoEstiloRetr\u00f4Linha ou Cole\u00e7\u00e3oOlivarMarcaOlivarModularN\u00e3oOrigem do ProdutoNacionalPeso M\u00e1ximo por Gaveta3.0Peso M\u00e1ximo por Prateleira4.0Possui CabideirosSimPossui CalceirosN\u00e3oPossui GavetasSimPossui Organizador de GavetaN\u00e3oPossui PenteadeiraN\u00e3oPossui PortasSimPossui PrateleirasSimPossui P\u00e9sSimQuantidade de Cabideiros02 CabideirosQuantidade de EspelhosN\u00e3oQuantidade de Portas3 PortasSuporta At\u00e9 (kg)40.0Tipo de GavetaExternaTipo de Guarda-roupaInfantilTipo de PortaBaterTipo de Puxador da GavetaEmbutidoTipo de Puxador da PortaEmbutidoDocumentos AdicionaisManual de Montagem e Instala\u00e7\u00e3oClique aqui para acessarGarantiaGarantia03 MesesItens InclusosItens Inclusos1 Guarda Roupa, Kit Ferragens e Manual de MontagemMateriais e AcabamentosAcabamento da GavetaPintura UVAcabamento da PortaPintura UVAcabamento da PrateleiraPintura UVAcabamento dos P\u00e9sVernizEscala de BrilhoSemi-BrilhoEscala de Brilho da GavetaSemi-BrilhoEscala de Brilho da PortaSemi-BrilhoEscala de Brilho da PrateleiraSemi-BrilhoMaterial PrincipalMDF\/MDPMaterial da GavetaMDF\/MDPMaterial da PortaMDFMaterial da PrateleiraMDPMaterial do Puxador da PortaMDFTipo de Corredi\u00e7a da GavetaMet\u00e1lica SimplesTipo de Dobradi\u00e7a\/Corredi\u00e7a da PortaSimplesMontagemComplexidade da MontagemM\u00e9dia: pode ser montado por mais de uma pessoa e\/ou necessite de maior conhecimento para montagemNecessita MontagemSimRecomenda\u00e7\u00f5es de Uso, Manuten\u00e7\u00e3o e LimpezaPano \u00famido. N\u00e3o aplicar lustra m\u00f3veis.Sistema de MontagemParafusos e Minifix.Pesos e Dimens\u00f5esAltura (cm)182.1Altura dos P\u00e9s18.6Espessura do Fundo (mm)3.0Largura (cm)122.6Peso (kg)765.0Profundidade (cm)48.2<\/p>\n<p>345270610734255216077034432552166107<\/p>\n<hr \/>\n<p>Ainda n\u00e3o encontrou a melhor op\u00e7\u00e3o de compra? Oferecemos mais uma possibilidade de <strong>busca<\/strong> mais ampla para <a href=\"https:\/\/ecompare.com.br\/lojas\/resultados-da-pesquisa\/?q=Guarda Roupa Solteiro Retr\u00f4 3 Portas 2 Gavetas Alpi Branco#gsc.tab=0&amp;gsc.q=Guarda Roupa Solteiro Retr\u00f4 3 Portas 2 Gavetas Alpi Branco&amp;gsc.page=1\" target=\"_blank\" rel=\"noopener\">Guarda Roupa Solteiro Retr\u00f4 3 Portas 2 Gavetas Alpi Branco, clique e continue <strong>pesquisando&#8230;<\/strong><\/a><\/p>\n<hr \/>\n","protected":false},"excerpt":{"rendered":"<p>R$ 1162.48 nas lojas <a href=\"https:\/\/www.awin1.com\/pclick.php?p=38605495342&#038;a=690303&#038;m=100453\" target=\"_blank\" rel=\"sponsored\">Casa Tema BR<\/a><\/p>\n","protected":false},"author":1,"featured_media":0,"comment_status":"closed","ping_status":"closed","sticky":false,"template":"","format":"standard","meta":{"footnotes":""},"categories":[4],"tags":[7437,7432],"class_list":["post-75596","post","type-post","status-publish","format-standard","hentry","category-produtos","tag-1162-48","tag-casa-tema-br"],"_links":{"self":[{"href":"https:\/\/ezu.com.br\/lojas\/wp-json\/wp\/v2\/posts\/75596","targetHints":{"allow":["GET"]}}],"collection":[{"href":"https:\/\/ezu.com.br\/lojas\/wp-json\/wp\/v2\/posts"}],"about":[{"href":"https:\/\/ezu.com.br\/lojas\/wp-json\/wp\/v2\/types\/post"}],"author":[{"embeddable":true,"href":"https:\/\/ezu.com.br\/lojas\/wp-json\/wp\/v2\/users\/1"}],"replies":[{"embeddable":true,"href":"https:\/\/ezu.com.br\/lojas\/wp-json\/wp\/v2\/comments?post=75596"}],"version-history":[{"count":0,"href":"https:\/\/ezu.com.br\/lojas\/wp-json\/wp\/v2\/posts\/75596\/revisions"}],"wp:attachment":[{"href":"https:\/\/ezu.com.br\/lojas\/wp-json\/wp\/v2\/media?parent=75596"}],"wp:term":[{"taxonomy":"category","embeddable":true,"href":"https:\/\/ezu.com.br\/lojas\/wp-json\/wp\/v2\/categories?post=75596"},{"taxonomy":"post_tag","embeddable":true,"href":"https:\/\/ezu.com.br\/lojas\/wp-json\/wp\/v2\/tags?post=75596"}],"curies":[{"name":"wp","href":"https:\/\/api.w.org\/{rel}","templated":true}]}}