{"id":75531,"date":"2026-06-19T20:31:57","date_gmt":"2026-06-19T20:31:57","guid":{"rendered":"https:\/\/ezu.com.br\/lojas\/2026\/06\/guarda-roupa-infantil-3-portas-2-gavetas-2-nichos-faz-de-conta-espresso-moveis-rustico-branco\/"},"modified":"2026-06-19T20:31:57","modified_gmt":"2026-06-19T20:31:57","slug":"guarda-roupa-infantil-3-portas-2-gavetas-2-nichos-faz-de-conta-espresso-moveis-rustico-branco","status":"publish","type":"post","link":"https:\/\/ezu.com.br\/lojas\/2026\/06\/guarda-roupa-infantil-3-portas-2-gavetas-2-nichos-faz-de-conta-espresso-moveis-rustico-branco\/","title":{"rendered":"Guarda Roupa Infantil 3 Portas 2 Gavetas 2 Nichos Faz de Conta Espresso M\u00f3veis R\u00fastico\/Branco"},"content":{"rendered":"<h2><\/h2>\n<h3>O pre\u00e7o de Guarda Roupa Infantil 3 Portas 2 Gavetas 2 Nichos Faz de Conta Espresso M\u00f3veis R\u00fastico\/Branco nas lojas online, no dia acima, era aproximadamente <strong>R$ BRL621.64<\/strong>. Para informa\u00e7\u00f5es atualizadas, acesse este produto em dezenas de lojas dos marketplaces do Sistema Magalu:<\/h3>\n<p><a href=\"https:\/\/www.magazinevoce.com.br\/magazineezu\/busca\/Guarda Roupa Infantil 3 Portas 2 Gavetas 2 Nichos Faz de Conta Espresso M\u00f3veis R\u00fastico\/Branco\/\" target=\"_blank\" rel=\"noopener\"><img decoding=\"async\" src=\"https:\/\/casatema.vteximg.com.br\/arquivos\/ids\/874431_2\" alt=\"Guarda Roupa Infantil 3 Portas 2 Gavetas 2 Nichos Faz de Conta Espresso M\u00f3veis R\u00fastico\/Branco\" \/> &#8211; CLIQUE AQUI<\/a>.<br \/>\nGuarda Roupa Infantil 3 Portas 2 Gavetas 2 Nichos Faz de Conta Espresso M\u00f3veis R\u00fastico\/Branco  .body-casatema-use-internal { font-family: Arial, sans-serif; line-height: 1.6; } .container-casatema-use-internal { width: 80%; margin: 0 auto; padding: 20px; } .hx-casatema-use-internal { color: #333; } .ul-casatema-use-internal { list-style-type: none; padding: 0; } .li-casatema-use-internal { background: #f4f4f4; margin: 5px 0; padding: 10px; border-radius: 5px; } .highlight-casatema-use-internal { font-weight: bold; } .image-container-casatema-use-internal, .img-casatema-use-internal { width: 100%; height: auto; } \/* CSS para os atributos *\/ .table-attr-casatema-use-internal { border-spacing: 0px; width: 100%; } .table-attr-casatema-use-internal tr:nth-child(even) { background: #ffffff; } .table-attr-casatema-use-internal tr:nth-child(odd) { background: #dfede9; } .td-left-attr-casatema-use-internal { padding: 10px; width: 30%; font-weight: bold; } .td-right-attr-casatema-use-internal { padding: 10px; width: 70%; } .div-left-attr-casatema-use-internal { width: 100%; } .div-right-attr-casatema-use-internal { width: 100%; } .div-group-attr-casatema-use-internal { padding-bottom: 10px; } @media (min-width: 1224px) { .div-left-attr-casatema-use-internal { width: 49%; float: left; } .div-right-attr-casatema-use-internal { width: 49%; float: right; } }     Guarda Roupa Infantil 3 Portas 2 Gavetas 2 Nichos Faz de Conta Espresso M\u00f3veis R\u00fastico\/Branco. Esse lindo Conjunto de Quarto Infantil \u00e9 tudo o que voc\u00ea pediu em um \u00fanico ambiente. Toda essa combina\u00e7\u00e3o foi pensada para que este conjunto permane\u00e7a em sua casa por muitos anos acompanhando o crescimento de seus pequenos. O Roupeiro Faz de Conta possui 3 portas e 2 Gavetas externas com corredi\u00e7as met\u00e1licas que permite um deslize mais seguro e suave, produzido em MDP e pintura UV, interno no padr\u00e3o Trama, que imita tecido, proporcionando mais aconchego ao ambiente. Excelente divis\u00e3o interna, com cabideiro resistente para melhor organiza\u00e7\u00e3o das roupas, puxadores em ABS.   Caracter\u00edsticasAmbienteQuartoAmbiente PrincipalQuartoCorR\u00fastico\/BrancoCor InternaTrama BrancoCor PredominanteMarromCor do ProdutoR\u00fastico\/BrancoEstiloModernoInforma\u00e7\u00f5es Complementares (Novo)\u2022 Cabideiro resistente de madeira revestido; \u2022 Gavetas com corredi\u00e7as met\u00e1licas; \u2022 Puxadores em ABS;Linha ou Cole\u00e7\u00e3oFaz de contaMarcaEspresso M\u00f3veisModularN\u00e3oOrigem do ProdutoNacionalPeso M\u00e1ximo por Gaveta3.0Peso M\u00e1ximo por Prateleira8.0Possui CabideirosSimPossui CalceirosN\u00e3oPossui EspelhosN\u00e3oPossui GavetasSimPossui Organizador de GavetaN\u00e3oPossui PortasSimPossui PrateleirasSimPossui P\u00e9sN\u00e3oQuantidade de Cabideiros01 CabideiroQuantidade de Portas3 PortasSuporta At\u00e9 (kg)62.0Tipo de GavetaExternaTipo de Guarda-roupaInfantilTipo de PortaBaterTipo de Puxador da PortaExternoPesos e Dimens\u00f5esAltura (cm)180.5Espessura do Fundo (mm)3.0Largura (cm)91.0Peso (kg)45.0Profundidade (cm)40.0Documentos AdicionaisManual de Montagem e Instala\u00e7\u00e3oClique aqui para acessarGarantiaGarantia03 MesesItens InclusosItens Inclusos1 Guarda Roupa, Kit Ferragens e Manual de MontagemMateriais e AcabamentosAcabamento da GavetaPintura Texturizada UVAcabamento da PortaPintura UVAcabamento da PrateleiraPintura Texturizada UVEscala de BrilhoFoscoEscala de Brilho da GavetaFoscoEscala de Brilho da PortaBrilhanteEscala de Brilho da PrateleiraFoscoMaterial PrincipalMDPMaterial da GavetaMDPMaterial da PortaMDPMaterial da PrateleiraMDPMaterial do Puxador da PortaABSTipo de Corredi\u00e7a da GavetaMet\u00e1lica SimplesTipo de Dobradi\u00e7a\/Corredi\u00e7a da PortaSimplesMontagemComplexidade da MontagemM\u00e9dia: pode ser montado por mais de uma pessoa e\/ou necessite de maior conhecimento para montagemNecessita MontagemSimRecomenda\u00e7\u00f5es de Uso, Manuten\u00e7\u00e3o e LimpezaPara limpeza de seu m\u00f3vel, use uma flanela seca ou umedecida. N\u00e3o utilize produtos qu\u00edmicos que possam danificar o produto.Sistema de MontagemParafusos e CavilhasOutras caracter\u00edsticasAmbiente PrincipalQuarto de Beb\u00eaPossui Portas3Possui Prateleiras4<\/p>\n<p>345270610734255216077034432552166107<\/p>\n<hr \/>\n<p>Ainda n\u00e3o encontrou a melhor op\u00e7\u00e3o de compra? Oferecemos mais uma possibilidade de <strong>busca<\/strong> mais ampla para <a href=\"https:\/\/ecompare.com.br\/lojas\/resultados-da-pesquisa\/?q=Guarda Roupa Infantil 3 Portas 2 Gavetas 2 Nichos Faz de Conta Espresso M\u00f3veis R\u00fastico\/Branco#gsc.tab=0&amp;gsc.q=Guarda Roupa Infantil 3 Portas 2 Gavetas 2 Nichos Faz de Conta Espresso M\u00f3veis R\u00fastico\/Branco&amp;gsc.page=1\" target=\"_blank\" rel=\"noopener\">Guarda Roupa Infantil 3 Portas 2 Gavetas 2 Nichos Faz de Conta Espresso M\u00f3veis R\u00fastico\/Branco, clique e continue <strong>pesquisando&#8230;<\/strong><\/a><\/p>\n<hr \/>\n","protected":false},"excerpt":{"rendered":"<p>R$ 621.64 nas lojas <a href=\"https:\/\/www.awin1.com\/pclick.php?p=38605495151&#038;a=690303&#038;m=100453\" target=\"_blank\" rel=\"sponsored\">Casa Tema BR<\/a><\/p>\n","protected":false},"author":1,"featured_media":0,"comment_status":"closed","ping_status":"closed","sticky":false,"template":"","format":"standard","meta":{"footnotes":""},"categories":[4],"tags":[7997,7432],"class_list":["post-75531","post","type-post","status-publish","format-standard","hentry","category-produtos","tag-621-64","tag-casa-tema-br"],"_links":{"self":[{"href":"https:\/\/ezu.com.br\/lojas\/wp-json\/wp\/v2\/posts\/75531","targetHints":{"allow":["GET"]}}],"collection":[{"href":"https:\/\/ezu.com.br\/lojas\/wp-json\/wp\/v2\/posts"}],"about":[{"href":"https:\/\/ezu.com.br\/lojas\/wp-json\/wp\/v2\/types\/post"}],"author":[{"embeddable":true,"href":"https:\/\/ezu.com.br\/lojas\/wp-json\/wp\/v2\/users\/1"}],"replies":[{"embeddable":true,"href":"https:\/\/ezu.com.br\/lojas\/wp-json\/wp\/v2\/comments?post=75531"}],"version-history":[{"count":0,"href":"https:\/\/ezu.com.br\/lojas\/wp-json\/wp\/v2\/posts\/75531\/revisions"}],"wp:attachment":[{"href":"https:\/\/ezu.com.br\/lojas\/wp-json\/wp\/v2\/media?parent=75531"}],"wp:term":[{"taxonomy":"category","embeddable":true,"href":"https:\/\/ezu.com.br\/lojas\/wp-json\/wp\/v2\/categories?post=75531"},{"taxonomy":"post_tag","embeddable":true,"href":"https:\/\/ezu.com.br\/lojas\/wp-json\/wp\/v2\/tags?post=75531"}],"curies":[{"name":"wp","href":"https:\/\/api.w.org\/{rel}","templated":true}]}}