{"id":74547,"date":"2026-06-20T06:25:19","date_gmt":"2026-06-20T06:25:19","guid":{"rendered":"https:\/\/ezu.com.br\/lojas\/2026\/06\/escrivaninha-mesa-escritorio-com-estante-elisa-2-gavetas-138cm-branca-branca\/"},"modified":"2026-06-20T06:25:19","modified_gmt":"2026-06-20T06:25:19","slug":"escrivaninha-mesa-escritorio-com-estante-elisa-2-gavetas-138cm-branca-branca","status":"publish","type":"post","link":"https:\/\/ezu.com.br\/lojas\/2026\/06\/escrivaninha-mesa-escritorio-com-estante-elisa-2-gavetas-138cm-branca-branca\/","title":{"rendered":"Escrivaninha Mesa Escrit\u00f3rio com Estante Elisa 2 Gavetas 138cm Branca Branca"},"content":{"rendered":"<h2><\/h2>\n<h3>O pre\u00e7o de Escrivaninha Mesa Escrit\u00f3rio com Estante Elisa 2 Gavetas 138cm Branca Branca nas lojas online, no dia acima, era aproximadamente <strong>R$ BRL418.73<\/strong>. Para informa\u00e7\u00f5es atualizadas, acesse este produto em dezenas de lojas dos marketplaces do Sistema Magalu:<\/h3>\n<p><a href=\"https:\/\/www.magazinevoce.com.br\/magazineezu\/busca\/Escrivaninha Mesa Escrit\u00f3rio com Estante Elisa 2 Gavetas 138cm Branca Branca\/\" target=\"_blank\" rel=\"noopener\"><img decoding=\"async\" src=\"https:\/\/casatema.vteximg.com.br\/arquivos\/ids\/835785_2\" alt=\"Escrivaninha Mesa Escrit\u00f3rio com Estante Elisa 2 Gavetas 138cm Branca Branca\" \/> &#8211; CLIQUE AQUI<\/a>.<br \/>\nEscrivaninha Mesa Escrit\u00f3rio com Estante Elisa 2 Gavetas 138cm Branca Branca  .body-casatema-use-internal { font-family: Arial, sans-serif; line-height: 1.6; } .container-casatema-use-internal { width: 80%; margin: 0 auto; padding: 20px; } .hx-casatema-use-internal { color: #333; } .ul-casatema-use-internal { list-style-type: none; padding: 0; } .li-casatema-use-internal { background: #f4f4f4; margin: 5px 0; padding: 10px; border-radius: 5px; } .highlight-casatema-use-internal { font-weight: bold; } .image-container-casatema-use-internal, .img-casatema-use-internal { width: 100%; height: auto; } \/* CSS para os atributos *\/ .table-attr-casatema-use-internal { border-spacing: 0px; width: 100%; } .table-attr-casatema-use-internal tr:nth-child(even) { background: #ffffff; } .table-attr-casatema-use-internal tr:nth-child(odd) { background: #dfede9; } .td-left-attr-casatema-use-internal { padding: 10px; width: 30%; font-weight: bold; } .td-right-attr-casatema-use-internal { padding: 10px; width: 70%; } .div-left-attr-casatema-use-internal { width: 100%; } .div-right-attr-casatema-use-internal { width: 100%; } .div-group-attr-casatema-use-internal { padding-bottom: 10px; } @media (min-width: 1224px) { .div-left-attr-casatema-use-internal { width: 49%; float: left; } .div-right-attr-casatema-use-internal { width: 49%; float: right; } }     Escrivaninha Mesa Escrit\u00f3rio com Estante Elisa 2 Gavetas 138cm Branca Branca. Um m\u00f3vel moderno e funcional para complementar seu ambiente. Pode ser utilizada como bancada de estudos ou Mesa de computador. Possui 2 gavetas com corredi\u00e7a met\u00e1lica e nichos para livros e objetos diversos al\u00e9m de espa\u00e7o para impressora. Se necess\u00e1rio, a prateleira acima do gaveteiro pode ser removida para coloca\u00e7\u00e3o de CPU. Possui tampo resistente com 2,5cm de espessura. para maior seguran\u00e7a, o tampo e algumas prateleiras possuem cantos arredondados.   Caracter\u00edsticasAmbiente PrincipalEscrit\u00f3rioCorBrancoCor PredominanteBrancoCor do ProdutoBrancaDobr\u00e1velN\u00e3oEstiloModernoFormato da EscrivaninhaRetangularGaveta com ChaveN\u00e3oLinha ou Cole\u00e7\u00e3oElisaMarcaPermobiliModelo InfantilN\u00e3oPeso M\u00e1ximo por Gaveta4.0Peso M\u00e1ximo por Prateleira3.0Possui Acabamento na Parte de Tr\u00e1sN\u00e3oPossui Borda ArredondadaSimPossui Gaveta para Pasta SuspensaN\u00e3oPossui GavetasSimPossui Passa Cabos1Possui Porta ObjetosN\u00e3oPossui PortasN\u00e3oPossui PrateleirasSimPossui Suporte para CPUSimPossui Suporte para TecladoN\u00e3oQuantidade de Gavetas02 GavetasQuantidade de Prateleiras03 PrateleirasSapatas NiveladorasSimSuporta At\u00e9 (kg)40.0Documentos AdicionaisManual de Montagem e Instala\u00e7\u00e3oClique aqui para acessarGarantiaGarantia03 MesesItens InclusosAcompanha Manual de Instala\u00e7\u00e3oSimItens InclusosPe\u00e7as do produto, ferragens (parafusos, corredi\u00e7as, puxadores&#8230;) esquema de montagem e certificado de garantia.Materiais e AcabamentosAcabamentoPinturaEscala de BrilhoSuper BrilhoMaterial PrincipalMDPTipo de Corredi\u00e7a da GavetaMet\u00e1licaMontagemComplexidade da MontagemM\u00e9dia: pode ser montado por mais de uma pessoa e\/ou necessite de maior conhecimento para montagemMontagem FlexN\u00e3o, s\u00f3 \u00e9 poss\u00edvel a montagem do produto conforme imagem do an\u00fancio.Necessita MontagemSimRecomenda\u00e7\u00f5es de Uso, Manuten\u00e7\u00e3o e LimpezaLimpar com flanela limpa e seca. N\u00e3o usar lustra m\u00f3veis.Sistema de MontagemParafusos, Cavilhas escalonada e GirofixOutras caracter\u00edsticasPeso Bruto (Kg)41 kgPesos e Dimens\u00f5esAltura (cm)138.0Espessura do Tampo (mm)25.0Largura (cm)138.0Peso (kg)40.8Profundidade (cm)54.0<\/p>\n<p>345270610734255216077034432552166107<\/p>\n<hr \/>\n<p>Ainda n\u00e3o encontrou a melhor op\u00e7\u00e3o de compra? Oferecemos mais uma possibilidade de <strong>busca<\/strong> mais ampla para <a href=\"https:\/\/ecompare.com.br\/lojas\/resultados-da-pesquisa\/?q=Escrivaninha Mesa Escrit\u00f3rio com Estante Elisa 2 Gavetas 138cm Branca Branca#gsc.tab=0&amp;gsc.q=Escrivaninha Mesa Escrit\u00f3rio com Estante Elisa 2 Gavetas 138cm Branca Branca&amp;gsc.page=1\" target=\"_blank\" rel=\"noopener\">Escrivaninha Mesa Escrit\u00f3rio com Estante Elisa 2 Gavetas 138cm Branca Branca, clique e continue <strong>pesquisando&#8230;<\/strong><\/a><\/p>\n<hr \/>\n","protected":false},"excerpt":{"rendered":"<p>R$ 418.73 nas lojas <a href=\"https:\/\/www.awin1.com\/pclick.php?p=38605493091&#038;a=690303&#038;m=100453\" target=\"_blank\" rel=\"sponsored\">Casa Tema BR<\/a><\/p>\n","protected":false},"author":1,"featured_media":0,"comment_status":"closed","ping_status":"closed","sticky":false,"template":"","format":"standard","meta":{"footnotes":""},"categories":[4],"tags":[7568,7432],"class_list":["post-74547","post","type-post","status-publish","format-standard","hentry","category-produtos","tag-418-73","tag-casa-tema-br"],"_links":{"self":[{"href":"https:\/\/ezu.com.br\/lojas\/wp-json\/wp\/v2\/posts\/74547","targetHints":{"allow":["GET"]}}],"collection":[{"href":"https:\/\/ezu.com.br\/lojas\/wp-json\/wp\/v2\/posts"}],"about":[{"href":"https:\/\/ezu.com.br\/lojas\/wp-json\/wp\/v2\/types\/post"}],"author":[{"embeddable":true,"href":"https:\/\/ezu.com.br\/lojas\/wp-json\/wp\/v2\/users\/1"}],"replies":[{"embeddable":true,"href":"https:\/\/ezu.com.br\/lojas\/wp-json\/wp\/v2\/comments?post=74547"}],"version-history":[{"count":0,"href":"https:\/\/ezu.com.br\/lojas\/wp-json\/wp\/v2\/posts\/74547\/revisions"}],"wp:attachment":[{"href":"https:\/\/ezu.com.br\/lojas\/wp-json\/wp\/v2\/media?parent=74547"}],"wp:term":[{"taxonomy":"category","embeddable":true,"href":"https:\/\/ezu.com.br\/lojas\/wp-json\/wp\/v2\/categories?post=74547"},{"taxonomy":"post_tag","embeddable":true,"href":"https:\/\/ezu.com.br\/lojas\/wp-json\/wp\/v2\/tags?post=74547"}],"curies":[{"name":"wp","href":"https:\/\/api.w.org\/{rel}","templated":true}]}}