{"id":74430,"date":"2026-06-15T19:43:19","date_gmt":"2026-06-15T19:43:19","guid":{"rendered":"https:\/\/ezu.com.br\/lojas\/2026\/06\/rack-para-tv-ate-55-polegadas-mdf-150cm-pes-em-madeira-macica-2-gavetas-club-branco-garapa-branco-garapa\/"},"modified":"2026-06-15T19:43:19","modified_gmt":"2026-06-15T19:43:19","slug":"rack-para-tv-ate-55-polegadas-mdf-150cm-pes-em-madeira-macica-2-gavetas-club-branco-garapa-branco-garapa","status":"publish","type":"post","link":"https:\/\/ezu.com.br\/lojas\/2026\/06\/rack-para-tv-ate-55-polegadas-mdf-150cm-pes-em-madeira-macica-2-gavetas-club-branco-garapa-branco-garapa\/","title":{"rendered":"Rack para TV at\u00e9 55 Polegadas MDF 150cm P\u00e9s em Madeira Maci\u00e7a 2 Gavetas Club Branco\/Garapa Branco\/Garapa"},"content":{"rendered":"<h2><\/h2>\n<h3>O pre\u00e7o de Rack para TV at\u00e9 55 Polegadas MDF 150cm P\u00e9s em Madeira Maci\u00e7a 2 Gavetas Club Branco\/Garapa Branco\/Garapa nas lojas online, no dia acima, era aproximadamente <strong>R$ BRL1092.75<\/strong>. Para informa\u00e7\u00f5es atualizadas, acesse este produto em dezenas de lojas dos marketplaces do Sistema Magalu:<\/h3>\n<p><a href=\"https:\/\/www.magazinevoce.com.br\/magazineezu\/busca\/Rack para TV at\u00e9 55 Polegadas MDF 150cm P\u00e9s em Madeira Maci\u00e7a 2 Gavetas Club Branco\/Garapa Branco\/Garapa\/\" target=\"_blank\" rel=\"noopener\"><img decoding=\"async\" src=\"https:\/\/casatema.vteximg.com.br\/arquivos\/ids\/826977_2\" alt=\"Rack para TV at\u00e9 55 Polegadas MDF 150cm P\u00e9s em Madeira Maci\u00e7a 2 Gavetas Club Branco\/Garapa Branco\/Garapa\" \/> &#8211; CLIQUE AQUI<\/a>.<br \/>\nRack para TV at\u00e9 55 Polegadas MDF 150cm P\u00e9s em Madeira Maci\u00e7a 2 Gavetas Club Branco\/Garapa Branco\/Garapa  .body-casatema-use-internal { font-family: Arial, sans-serif; line-height: 1.6; } .container-casatema-use-internal { width: 80%; margin: 0 auto; padding: 20px; } .hx-casatema-use-internal { color: #333; } .ul-casatema-use-internal { list-style-type: none; padding: 0; } .li-casatema-use-internal { background: #f4f4f4; margin: 5px 0; padding: 10px; border-radius: 5px; } .highlight-casatema-use-internal { font-weight: bold; } .image-container-casatema-use-internal, .img-casatema-use-internal { width: 100%; height: auto; } \/* CSS para os atributos *\/ .table-attr-casatema-use-internal { border-spacing: 0px; width: 100%; } .table-attr-casatema-use-internal tr:nth-child(even) { background: #ffffff; } .table-attr-casatema-use-internal tr:nth-child(odd) { background: #dfede9; } .td-left-attr-casatema-use-internal { padding: 10px; width: 30%; font-weight: bold; } .td-right-attr-casatema-use-internal { padding: 10px; width: 70%; } .div-left-attr-casatema-use-internal { width: 100%; } .div-right-attr-casatema-use-internal { width: 100%; } .div-group-attr-casatema-use-internal { padding-bottom: 10px; } @media (min-width: 1224px) { .div-left-attr-casatema-use-internal { width: 49%; float: left; } .div-right-attr-casatema-use-internal { width: 49%; float: right; } }     Rack para TV at\u00e9 55 Polegadas MDF 150cm P\u00e9s em Madeira Maci\u00e7a 2 Gavetas Club Branco\/Garapa Branco\/Garapa. Rack 1500 Club 2 Gavetas Artemobili, foi desenhado exclusivamente para o consumidor brasileiro. Al\u00e9m da eleg\u00e2ncia do seu desenho, o produto \u00e9 feito em MDF de 18mm, com os p\u00e9s, prateleira e frentes de gaveta em madeira maci\u00e7a do tipo taeda, esp\u00e9cie de madeira de reflorestamento e muito utilizada na produ\u00e7\u00e3o de m\u00f3veis. A Artemobili \u00e9 uma empresa com mais de 30 anos de experi\u00eancia no mercado externo desenvolvendo e entregando produtos para todos os continentes e tem como caracter\u00edstica, produzir artigos de alta durabilidade, e agora, com uma gama de produtos direcionado exclusivamente para o Brasil pretende trazer toda a tecnologia e qualidade que \u00e9 oferecida no o exterior para o consumidor brasileiro, com produtos com design e de f\u00e1cil montagem.   Caracter\u00edsticasAmbiente PrincipalSala de EstarCorBranco\/GarapaCor FlexN\u00e3oCor InternaBrancoCor PredominanteBrancoCor do ProdutoBranco\/GarapaEstiloRetr\u00f4Ideal para TVs at\u00e9 (Polegadas)55Linha ou Cole\u00e7\u00e3oClubMarcaP&#038;C ArteMobiliOrigem do ProdutoNacionalPeso M\u00e1ximo por Gaveta10.0Peso M\u00e1ximo por Prateleira15.0Possui EspelhosN\u00e3oPossui GavetasSimPossui Ilumina\u00e7\u00e3oN\u00e3oPossui Nichos2Possui PortasN\u00e3oPossui PrateleirasSimPossui P\u00e9sSimPossui Rod\u00edzioN\u00e3oPossui VidroN\u00e3oQuantidade de Prateleiras02 PrateleirasSapatas NiveladorasN\u00e3oSuporta At\u00e9 (kg)65.0Tipo de Puxador da GavetaEmbutidoOutras caracter\u00edsticasPeso Bruto (Kg)37 kgQuantidade de EspelhosN\u00e3oQuantidade de Gavetas2Documentos AdicionaisManual de MontagemClique aqui para acessarGarantiaGarantia03 MesesItens InclusosItens Inclusos1 Rack, Kit Ferragens e Manual de MontagemMateriais e AcabamentosAcabamentoPintura UVAcabamento da GavetaPintura UVAcabamento da PrateleiraPintura UVAcabamento dos P\u00e9sPinturaEscala de BrilhoFoscoEscala de Brilho da GavetaFoscoEscala de Brilho da PrateleiraFoscoMaterial PrincipalMDFMaterial da GavetaMadeira Maci\u00e7aMaterial da PrateleiraMDFMaterial dos P\u00e9sMadeira Maci\u00e7aTipo de Corredi\u00e7a da GavetaMet\u00e1lica Telesc\u00f3picaTipo de Madeira Maci\u00e7aPinusTipo de Madeira Maci\u00e7a dos P\u00e9sPinusMontagemComplexidade da MontagemM\u00e9dia: pode ser montado por mais de uma pessoa e\/ou necessite de maior conhecimento para montagemMontagem FlexN\u00e3oNecessita MontagemSimRecomenda\u00e7\u00f5es de Uso, Manuten\u00e7\u00e3o e LimpezaLimpar com pano levemente umedecido com \u00e1gua. Evitar o uso de produtos qu\u00edmicos e ou materiais abrasivos.Sistema de MontagemParafusos, Minifix e CavilhasPesos e Dimens\u00f5esAltura (cm)70.0Altura dos P\u00e9s20.0Largura (cm)150.0Peso (kg)33.5Profundidade (cm)40.0<\/p>\n<p>345270610734255216077034432552166107<\/p>\n<hr \/>\n<p>Ainda n\u00e3o encontrou a melhor op\u00e7\u00e3o de compra? Oferecemos mais uma possibilidade de <strong>busca<\/strong> mais ampla para <a href=\"https:\/\/ecompare.com.br\/lojas\/resultados-da-pesquisa\/?q=Rack para TV at\u00e9 55 Polegadas MDF 150cm P\u00e9s em Madeira Maci\u00e7a 2 Gavetas Club Branco\/Garapa Branco\/Garapa#gsc.tab=0&amp;gsc.q=Rack para TV at\u00e9 55 Polegadas MDF 150cm P\u00e9s em Madeira Maci\u00e7a 2 Gavetas Club Branco\/Garapa Branco\/Garapa&amp;gsc.page=1\" target=\"_blank\" rel=\"noopener\">Rack para TV at\u00e9 55 Polegadas MDF 150cm P\u00e9s em Madeira Maci\u00e7a 2 Gavetas Club Branco\/Garapa Branco\/Garapa, clique e continue <strong>pesquisando&#8230;<\/strong><\/a><\/p>\n<hr \/>\n","protected":false},"excerpt":{"rendered":"<p>R$ 1092.75 nas lojas <a href=\"https:\/\/www.awin1.com\/pclick.php?p=38605492820&#038;a=690303&#038;m=100453\" target=\"_blank\" rel=\"sponsored\">Casa Tema BR<\/a><\/p>\n","protected":false},"author":1,"featured_media":0,"comment_status":"closed","ping_status":"closed","sticky":false,"template":"","format":"standard","meta":{"footnotes":""},"categories":[4],"tags":[7610,7432],"class_list":["post-74430","post","type-post","status-publish","format-standard","hentry","category-produtos","tag-1092-75","tag-casa-tema-br"],"_links":{"self":[{"href":"https:\/\/ezu.com.br\/lojas\/wp-json\/wp\/v2\/posts\/74430","targetHints":{"allow":["GET"]}}],"collection":[{"href":"https:\/\/ezu.com.br\/lojas\/wp-json\/wp\/v2\/posts"}],"about":[{"href":"https:\/\/ezu.com.br\/lojas\/wp-json\/wp\/v2\/types\/post"}],"author":[{"embeddable":true,"href":"https:\/\/ezu.com.br\/lojas\/wp-json\/wp\/v2\/users\/1"}],"replies":[{"embeddable":true,"href":"https:\/\/ezu.com.br\/lojas\/wp-json\/wp\/v2\/comments?post=74430"}],"version-history":[{"count":0,"href":"https:\/\/ezu.com.br\/lojas\/wp-json\/wp\/v2\/posts\/74430\/revisions"}],"wp:attachment":[{"href":"https:\/\/ezu.com.br\/lojas\/wp-json\/wp\/v2\/media?parent=74430"}],"wp:term":[{"taxonomy":"category","embeddable":true,"href":"https:\/\/ezu.com.br\/lojas\/wp-json\/wp\/v2\/categories?post=74430"},{"taxonomy":"post_tag","embeddable":true,"href":"https:\/\/ezu.com.br\/lojas\/wp-json\/wp\/v2\/tags?post=74430"}],"curies":[{"name":"wp","href":"https:\/\/api.w.org\/{rel}","templated":true}]}}