{"id":64401,"date":"2026-06-13T23:20:59","date_gmt":"2026-06-13T23:20:59","guid":{"rendered":"https:\/\/ezu.com.br\/lojas\/2026\/06\/porta-vela-home-style-germinar-8-cm\/"},"modified":"2026-06-13T23:20:59","modified_gmt":"2026-06-13T23:20:59","slug":"porta-vela-home-style-germinar-8-cm","status":"publish","type":"post","link":"https:\/\/ezu.com.br\/lojas\/2026\/06\/porta-vela-home-style-germinar-8-cm\/","title":{"rendered":"Porta Vela Home Style Germinar 8 cm"},"content":{"rendered":"<h2>Decora\u00e7\u00e3o > Velas e Acess\u00f3rios > Porta Velas e Donzelas<\/h2>\n<h3>O pre\u00e7o de Porta Vela Home Style Germinar 8 cm nas lojas online, no dia acima, era aproximadamente <strong>R$ BRL59.99<\/strong>. Para informa\u00e7\u00f5es atualizadas, acesse este produto em dezenas de lojas dos marketplaces do Sistema Magalu:<\/h3>\n<p><a href=\"https:\/\/www.magazinevoce.com.br\/magazineezu\/busca\/Porta Vela Home Style Germinar 8 cm\/\" target=\"_blank\" rel=\"noopener\"><img decoding=\"async\" src=\"https:\/\/img.camicado.com.br\/item\/100474625\/zoom\/1.jpg\" alt=\"Porta Vela Home Style Germinar 8 cm\" \/> &#8211; CLIQUE AQUI<\/a>.<br \/>\nO&nbsp;Porta Vela Relic\u00e1rio Germinar tem 8 cm&nbsp;\u00e9 produzido em&nbsp;cer\u00e2mica, reunindo eleg\u00e2ncia e estilo \u00e9 uma pe\u00e7a que decora com beleza e cria momentos de relaxamento. Porta velas s\u00e3o pe\u00e7as que trazem uma atmosfera aconchegante, intimista e muitas vezes rom\u00e2ntica. Decorar um ambiente ou a mesa com a meia luz de velas, em ambientes internos ou externos, agrega beleza e conforto, use a criatividade e crie essas sensa\u00e7\u00f5es em diversas ocasi\u00f5es. Cuidados: Lavar com sab\u00e3o neutro, \u00e1gua e esponja macia. N\u00e3o utilizar produtos abrasivos e evitar batidas. Com a marca exclusiva&nbsp;Home Style, a&nbsp;Camicado&nbsp;transforma cada ambiente da sua casa, oferecendo praticidade, estilo e aconchego. Sinta o prazer de viver bem, no seu tempo e do seu jeito. Experimente a textura que acolhe, o design que encanta, e a organiza\u00e7\u00e3o que simplifica. Cada detalhe do&nbsp;Porta retrato Germinar&nbsp;foi pensado para inspirar voc\u00ea a criar o seu lugar favorito do mundo. Descubra os produtos&nbsp;Home Style&nbsp;e viva bem com estilo! Camicado, casa com o seu estilo!<\/p>\n<p>345270610734255216077034432552166107<\/p>\n<hr \/>\n<p>Ainda n\u00e3o encontrou a melhor op\u00e7\u00e3o de compra? Oferecemos mais uma possibilidade de <strong>busca<\/strong> mais ampla para <a href=\"https:\/\/ecompare.com.br\/lojas\/resultados-da-pesquisa\/?q=Porta Vela Home Style Germinar 8 cm#gsc.tab=0&amp;gsc.q=Porta Vela Home Style Germinar 8 cm&amp;gsc.page=1\" target=\"_blank\" rel=\"noopener\">Porta Vela Home Style Germinar 8 cm, clique e continue <strong>pesquisando&#8230;<\/strong><\/a><\/p>\n<hr \/>\n","protected":false},"excerpt":{"rendered":"<p>R$ 59.99 nas lojas <a href=\"https:\/\/www.awin1.com\/pclick.php?p=37651430463&#038;a=690303&#038;m=17790\" target=\"_blank\" rel=\"sponsored\">Camicado BR<\/a><\/p>\n","protected":false},"author":1,"featured_media":0,"comment_status":"closed","ping_status":"closed","sticky":false,"template":"","format":"standard","meta":{"footnotes":""},"categories":[4],"tags":[251,6401,6560],"class_list":["post-64401","post","type-post","status-publish","format-standard","hentry","category-produtos","tag-59-99","tag-camicado-br","tag-decoracao-velas-e-acessorios-porta-velas-e-donzelas"],"_links":{"self":[{"href":"https:\/\/ezu.com.br\/lojas\/wp-json\/wp\/v2\/posts\/64401","targetHints":{"allow":["GET"]}}],"collection":[{"href":"https:\/\/ezu.com.br\/lojas\/wp-json\/wp\/v2\/posts"}],"about":[{"href":"https:\/\/ezu.com.br\/lojas\/wp-json\/wp\/v2\/types\/post"}],"author":[{"embeddable":true,"href":"https:\/\/ezu.com.br\/lojas\/wp-json\/wp\/v2\/users\/1"}],"replies":[{"embeddable":true,"href":"https:\/\/ezu.com.br\/lojas\/wp-json\/wp\/v2\/comments?post=64401"}],"version-history":[{"count":0,"href":"https:\/\/ezu.com.br\/lojas\/wp-json\/wp\/v2\/posts\/64401\/revisions"}],"wp:attachment":[{"href":"https:\/\/ezu.com.br\/lojas\/wp-json\/wp\/v2\/media?parent=64401"}],"wp:term":[{"taxonomy":"category","embeddable":true,"href":"https:\/\/ezu.com.br\/lojas\/wp-json\/wp\/v2\/categories?post=64401"},{"taxonomy":"post_tag","embeddable":true,"href":"https:\/\/ezu.com.br\/lojas\/wp-json\/wp\/v2\/tags?post=64401"}],"curies":[{"name":"wp","href":"https:\/\/api.w.org\/{rel}","templated":true}]}}