{"id":61581,"date":"2026-05-10T11:06:31","date_gmt":"2026-05-10T11:06:31","guid":{"rendered":"https:\/\/ezu.com.br\/lojas\/2026\/05\/kit-cremes-faciais-anti-sinais-e-hidratante-aroma\/"},"modified":"2026-05-10T11:06:31","modified_gmt":"2026-05-10T11:06:31","slug":"kit-cremes-faciais-anti-sinais-e-hidratante-aroma","status":"publish","type":"post","link":"https:\/\/ezu.com.br\/lojas\/2026\/05\/kit-cremes-faciais-anti-sinais-e-hidratante-aroma\/","title":{"rendered":"Kit Cremes Faciais Anti-Sinais e Hidratante Arom\u00e1"},"content":{"rendered":"<h2>Casa e jardim > Plantas > Flores<\/h2>\n<h3>O pre\u00e7o de Kit Cremes Faciais Anti-Sinais e Hidratante Arom\u00e1 nas lojas online, no dia acima, era aproximadamente <strong>R$ BRL149.99<\/strong>. Para informa\u00e7\u00f5es atualizadas, acesse este produto em dezenas de lojas dos marketplaces do Sistema Magalu:<\/h3>\n<p><a href=\"https:\/\/www.magazinevoce.com.br\/magazineezu\/busca\/Kit Cremes Faciais Anti-Sinais e Hidratante Arom\u00e1\/\" target=\"_blank\" rel=\"noopener\"><img decoding=\"async\" src=\"https:\/\/static.giulianaflores.com.br\/images\/product\/rs-7701-45519-0.jpg?ims=500x500\" alt=\"Kit Cremes Faciais Anti-Sinais e Hidratante Arom\u00e1\" \/> &#8211; CLIQUE AQUI<\/a>.<br \/>\nDESCRI&#199;&#195;O:Se voc&#234; gosta de hidratar a pele com cosm&#233;ticos naturais, voc&#234; vai adorar o CREME HIDRATANTE DE R&#193;PIDA ABSOR&#199;&#195;O DA AROM&#193;, al&#233;m de ser vegano e natural, possui m&#250;ltiplos benef&#237;cios e vitaminas para deixar sua pele linda e hidratada de forma natural:F&#243;rmula leve, absorve r&#225;pido;Fragr&#226;ncia suave e natural do &#243;leo essencial de palmarosa;Uso unissex;F&#243;rmula com silicone vegetal extra&#237;do das oliveiras;Rico em pr&#243;-vitamina A (alfa e beta caroteno);Rico em vitaminas A, C, D, E e complexo B, sais minerais e tanino vegetal;Cosm&#233;tico natural e vegano;Rico em extratos naturais de copa&#237;ba, andiroba, a&#231;a&#237; e guaran&#225;;Uso di&#225;rio.O CREME HIDRATANTE DE R&#193;PIDA ABSOR&#199;&#195;O AROM&#193; foi desenvolvido para absorver rapidamente na pele, deixando-a mais hidratada e macia. O extrato amaz&#244;nico auxilia a restaura&#231;&#227;o da pele. Sua composi&#231;&#227;o deriva de subst&#226;ncias naturais originadas da oliva, rica em &#225;cidos graxos essenciais, que ajudam a manter a pele mais hidratada por muito mais tempo.O CREME HIDRATANTE DE R&#193;PIDA ABSOR&#199;&#195;O AROM&#193; &#233;&amp;nbsp;um cosm&#233;tico natural e vegano,&amp;nbsp;SEM SULFATOS,&amp;nbsp;SEM PARABENOS e&amp;nbsp;CRUELTY-FREE (sem testes em animais).F&#243;rmula desenvolvida com base na aromaterapia e cosm&#233;tica natural por engenheira qu&#237;mica especialista em cosm&#233;ticos para cuidar da sua peleMODO DE USO: Sobre a pele j&#225; higienizada, seca e limpa, aplique uma pequena quantidade na pele do rosto. Fa&#231;a movimento circulares com as pontas dos dedos at&#233; total absor&#231;&#227;o. Use diariamentePRECAU&#199;&#213;ES: Mantenha fora do alcance das crian&#231;as. Uso externo. N&#227;o aplicar sobre a pele irritada. Em caso de irrita&#231;&#227;o, suspenda o uso e procure orienta&#231;&#227;o m&#233;dica. Armazene o produto em local fresco e ventilado. N&#195;O INGERIR.O&amp;nbsp;CREME FACIAL PREVEN&#199;&#195;O DE SINAIS&amp;nbsp;AROM&#193;&amp;nbsp;foi desenvolvido com &#243;leo de Pracaxi, rico em &#244;mega 9 e &#225;cido berr&#234;nico, que auxilia a prevenir e amenizar rugas e linhas de express&#227;o. Tudo isso associado aos benef&#237;cios do extrato concentrado de Jamb&#250;, que relaxa as tens&#245;es das fibras de col&#225;geno e elastina, trazendo mais firmeza, brilho e uniformidade &#224; pele. Possui toque sedoso al&#233;m de alto rendimento, pois espalha bem. Sua fragr&#226;ncia &#233; leve e natural proveniente do &#243;leo essencial de palmarosa (cheirinho de ch&#225; natural) ideal &#224; pele do rosto.S&#227;o diversos benef&#237;cios em um &#250;nico produto:Rico em &#244;mega 9 e &#225;cido berr&#234;nico;Ameniza rugas existentes e previne a forma&#231;&#227;o de novas;Mais firmeza, brilho e uniformidade &#224; pele;Alto rendimento;R&#225;pida absor&#231;&#227;o;Toque sedoso;Fragr&#226;ncia suave (cheirinho de ch&#225; natural);Com silicone vegetal extra&#237;do das oliveiras;Com &#243;leo essencial de palmarosa;Extrato concentrado de jamb&#250; (efeito lifting);Rico em vitamina E;Vegano e natural;Efeito cinderela imediato.&amp;nbsp;O&amp;nbsp;CREME FACIAL PREVEN&#199;&#195;O DE SINAIS&amp;nbsp;AROM&#193;&amp;nbsp;&#233;&amp;nbsp;um cosm&#233;tico natural e vegano,&amp;nbsp;SEM SULFATOS,&amp;nbsp;SEM PARABENOS e&amp;nbsp;CRUELTY-FREE (sem testes em animais).F&#243;rmula desenvolvida com base na aromaterapia e na cosm&#233;tica natural por engenheira qu&#237;mica especialista em cosm&#233;ticos, para cuidar da sua pele.MODO DE USO:&amp;nbsp;Sobre a pele limpa&amp;nbsp;e seca, aplique uma pequena quantidade na pele do rosto e pesco&#231;o. Espalhe bem e fa&#231;a movimento circulares com as pontas dos dedos at&#233; total absor&#231;&#227;o. Use todas as noites ou antes de aplicar o filtro solar de sua prefer&#234;ncia.PRECAU&#199;&#213;ES:&amp;nbsp;Mantenha fora do alcance das crian&#231;as. Uso externo. N&#227;o aplicar sobre a pele irritada. Em caso de irrita&#231;&#227;o, suspenda o uso e procure orienta&#231;&#227;o m&#233;dica. Armazene o produto em local fresco e ventilado.&amp;nbsp;N&#195;O INGERIR.COMPOSI&#199;&#195;O:- 1 unidade Creme Facial Hidratante de R&#225;pida Absor&#231;&#227;o Arom&#225; 50g- 1 unidade Creme Facial Anti-Sinais de Pracaxi e Jamb&#250; Arom&#225; 50g- 1 saquinho 100% algod&#227;o&amp;nbsp;&amp;nbsp;DETALHES:PERSONALIZE SEU PRESENTEAp&#243;s selecionar a data e per&#237;odo de entrega voc&#234; poder&#225; escolher os melhores complementos para o seu presente como pel&#250;cias, chocolates, bebidas entre outros itens para deixar o seu presente ainda mais perfeito.&amp;nbsp;CART&#195;O:&#201; poss&#237;vel incluir uma mensagem junto ao seu presente! Prossiga com a compra e na tela de &quot;ENTREGA&quot; basta escolher o cart&#227;o e escrever a mensagem. Caso queira enviar em An&#244;nimo, escolha a op&#231;&#227;o &quot;N&#195;O QUERO CART&#195;O&quot;.&amp;nbsp;ENTREGA E FRETE:Para consultar o prazo e valor de entrega, preencha o CEP de entrega, clique em OK e verifique as op&#231;&#245;es dispon&#237;veis. Caso queira acompanhar a entrega do seu presente, informe o seu n&#250;mero do celular.&amp;nbsp;IMPORTANTEN&#243;s trabalhamos com lojas parceiras por todo o Brasil que possuem treinamento, experi&#234;ncia e materiais para manter a qualidade exigida.Por&#233;m, devido &#224;s caracter&#237;sticas de cada local, varia&#231;&#245;es naturais das flores e outras interfer&#234;ncias, os produtos podem sofrer altera&#231;&#245;es.As imagens exibidas s&#227;o meramente ilustrativas&amp;nbsp;ESPECIFICA&#199;&#213;ES:Dimens&#245;es aproximadas: Largura: 12cm x Altura 7cm x Profundidade 17cmPeso aproximado: 290 g<\/p>\n<p>345270610734255216077034432552166107<\/p>\n<hr \/>\n<p>Ainda n\u00e3o encontrou a melhor op\u00e7\u00e3o de compra? Oferecemos mais uma possibilidade de <strong>busca<\/strong> mais ampla para <a href=\"https:\/\/ecompare.com.br\/lojas\/resultados-da-pesquisa\/?q=Kit Cremes Faciais Anti-Sinais e Hidratante Arom\u00e1#gsc.tab=0&amp;gsc.q=Kit Cremes Faciais Anti-Sinais e Hidratante Arom\u00e1&amp;gsc.page=1\" target=\"_blank\" rel=\"noopener\">Kit Cremes Faciais Anti-Sinais e Hidratante Arom\u00e1, clique e continue <strong>pesquisando&#8230;<\/strong><\/a><\/p>\n<hr \/>\n","protected":false},"excerpt":{"rendered":"<p>R$ 149.99 nas lojas <a href=\"https:\/\/www.awin1.com\/pclick.php?p=39779136274&#038;a=690303&#038;m=109198\" target=\"_blank\" rel=\"sponsored\">Giuliana Flores BR<\/a><\/p>\n","protected":false},"author":1,"featured_media":0,"comment_status":"closed","ping_status":"closed","sticky":false,"template":"","format":"standard","meta":{"footnotes":""},"categories":[4],"tags":[228,5274,5273],"class_list":["post-61581","post","type-post","status-publish","format-standard","hentry","category-produtos","tag-149-99","tag-casa-e-jardim-plantas-flores","tag-giuliana-flores-br"],"_links":{"self":[{"href":"https:\/\/ezu.com.br\/lojas\/wp-json\/wp\/v2\/posts\/61581","targetHints":{"allow":["GET"]}}],"collection":[{"href":"https:\/\/ezu.com.br\/lojas\/wp-json\/wp\/v2\/posts"}],"about":[{"href":"https:\/\/ezu.com.br\/lojas\/wp-json\/wp\/v2\/types\/post"}],"author":[{"embeddable":true,"href":"https:\/\/ezu.com.br\/lojas\/wp-json\/wp\/v2\/users\/1"}],"replies":[{"embeddable":true,"href":"https:\/\/ezu.com.br\/lojas\/wp-json\/wp\/v2\/comments?post=61581"}],"version-history":[{"count":0,"href":"https:\/\/ezu.com.br\/lojas\/wp-json\/wp\/v2\/posts\/61581\/revisions"}],"wp:attachment":[{"href":"https:\/\/ezu.com.br\/lojas\/wp-json\/wp\/v2\/media?parent=61581"}],"wp:term":[{"taxonomy":"category","embeddable":true,"href":"https:\/\/ezu.com.br\/lojas\/wp-json\/wp\/v2\/categories?post=61581"},{"taxonomy":"post_tag","embeddable":true,"href":"https:\/\/ezu.com.br\/lojas\/wp-json\/wp\/v2\/tags?post=61581"}],"curies":[{"name":"wp","href":"https:\/\/api.w.org\/{rel}","templated":true}]}}