{"id":35560,"date":"2026-05-15T02:51:03","date_gmt":"2026-05-15T02:51:03","guid":{"rendered":"https:\/\/ezu.com.br\/lojas\/2026\/05\/bolsa-media-calvin-klein-feminina-placa-calvin-klein-caqui-claro-bolsa-media-calvin-klein-feminina-placa-calvin-klein-caqui-claro-u\/"},"modified":"2026-05-15T02:51:03","modified_gmt":"2026-05-15T02:51:03","slug":"bolsa-media-calvin-klein-feminina-placa-calvin-klein-caqui-claro-bolsa-media-calvin-klein-feminina-placa-calvin-klein-caqui-claro-u","status":"publish","type":"post","link":"https:\/\/ezu.com.br\/lojas\/2026\/05\/bolsa-media-calvin-klein-feminina-placa-calvin-klein-caqui-claro-bolsa-media-calvin-klein-feminina-placa-calvin-klein-caqui-claro-u\/","title":{"rendered":"Bolsa M\u00e9dia Calvin Klein Feminina Placa Calvin Klein &#8211; Caqui Claro Bolsa M\u00e9dia Calvin Klein Feminina Placa Calvin Klein Caqui Claro u"},"content":{"rendered":"<h2>Feminino<\/h2>\n<h3>O pre\u00e7o de Bolsa M\u00e9dia Calvin Klein Feminina Placa Calvin Klein &#8211; Caqui Claro Bolsa M\u00e9dia Calvin Klein Feminina Placa Calvin Klein Caqui Claro u nas lojas online, no dia acima, era aproximadamente <strong>R$ BRL1190.00<\/strong>. Para informa\u00e7\u00f5es atualizadas, acesse este produto em dezenas de lojas dos marketplaces do Sistema Magalu:<\/h3>\n<p><a href=\"https:\/\/www.magazinevoce.com.br\/magazineezu\/busca\/Bolsa M\u00e9dia Calvin Klein Feminina Placa Calvin Klein - Caqui Claro Bolsa M\u00e9dia Calvin Klein Feminina Placa Calvin Klein Caqui Claro u\/\" target=\"_blank\" rel=\"noopener\"><img decoding=\"async\" src=\"https:\/\/calvinklein.vteximg.com.br\/arquivos\/ids\/1011794_2\" alt=\"Bolsa M\u00e9dia Calvin Klein Feminina Placa Calvin Klein - Caqui Claro Bolsa M\u00e9dia Calvin Klein Feminina Placa Calvin Klein Caqui Claro u\" \/> &#8211; CLIQUE AQUI<\/a>.<br \/>\nBolsa m\u00e9dia Calvin Klein feminina de couro, placa de metal com grava\u00e7\u00e3o exclusivo da marca. Fechamento por ziper de metal grosso com puxador personalizado. Al\u00e7a tiracolo em couro com pino de metal e 4 furos para regulagem de tamanho.<\/p>\n<p>345270610734255216077034432552166107<\/p>\n<hr \/>\n<p>Ainda n\u00e3o encontrou a melhor op\u00e7\u00e3o de compra? Oferecemos mais uma possibilidade de <strong>busca<\/strong> mais ampla para <a href=\"https:\/\/ecompare.com.br\/lojas\/resultados-da-pesquisa\/?q=Bolsa M\u00e9dia Calvin Klein Feminina Placa Calvin Klein - Caqui Claro Bolsa M\u00e9dia Calvin Klein Feminina Placa Calvin Klein Caqui Claro u#gsc.tab=0&amp;gsc.q=Bolsa M\u00e9dia Calvin Klein Feminina Placa Calvin Klein - Caqui Claro Bolsa M\u00e9dia Calvin Klein Feminina Placa Calvin Klein Caqui Claro u&amp;gsc.page=1\" target=\"_blank\" rel=\"noopener\">Bolsa M\u00e9dia Calvin Klein Feminina Placa Calvin Klein &#8211; Caqui Claro Bolsa M\u00e9dia Calvin Klein Feminina Placa Calvin Klein Caqui Claro u, clique e continue <strong>pesquisando&#8230;<\/strong><\/a><\/p>\n<hr \/>\n","protected":false},"excerpt":{"rendered":"<p>R$ 1190.00 nas lojas <a href=\"https:\/\/www.awin1.com\/pclick.php?p=44575546018&#038;a=690303&#038;m=100553\" target=\"_blank\" rel=\"sponsored\">Calvin Klein BR<\/a><\/p>\n","protected":false},"author":1,"featured_media":0,"comment_status":"closed","ping_status":"closed","sticky":false,"template":"","format":"standard","meta":{"footnotes":""},"categories":[4],"tags":[928,896,899],"class_list":["post-35560","post","type-post","status-publish","format-standard","hentry","category-produtos","tag-1190-00","tag-calvin-klein-br","tag-feminino"],"_links":{"self":[{"href":"https:\/\/ezu.com.br\/lojas\/wp-json\/wp\/v2\/posts\/35560","targetHints":{"allow":["GET"]}}],"collection":[{"href":"https:\/\/ezu.com.br\/lojas\/wp-json\/wp\/v2\/posts"}],"about":[{"href":"https:\/\/ezu.com.br\/lojas\/wp-json\/wp\/v2\/types\/post"}],"author":[{"embeddable":true,"href":"https:\/\/ezu.com.br\/lojas\/wp-json\/wp\/v2\/users\/1"}],"replies":[{"embeddable":true,"href":"https:\/\/ezu.com.br\/lojas\/wp-json\/wp\/v2\/comments?post=35560"}],"version-history":[{"count":0,"href":"https:\/\/ezu.com.br\/lojas\/wp-json\/wp\/v2\/posts\/35560\/revisions"}],"wp:attachment":[{"href":"https:\/\/ezu.com.br\/lojas\/wp-json\/wp\/v2\/media?parent=35560"}],"wp:term":[{"taxonomy":"category","embeddable":true,"href":"https:\/\/ezu.com.br\/lojas\/wp-json\/wp\/v2\/categories?post=35560"},{"taxonomy":"post_tag","embeddable":true,"href":"https:\/\/ezu.com.br\/lojas\/wp-json\/wp\/v2\/tags?post=35560"}],"curies":[{"name":"wp","href":"https:\/\/api.w.org\/{rel}","templated":true}]}}